{"id":105961,"date":"2023-08-07T11:22:12","date_gmt":"2023-08-07T14:22:12","guid":{"rendered":"https:\/\/www.actualidadadiario.com\/?p=105961"},"modified":"2023-08-07T11:22:12","modified_gmt":"2023-08-07T14:22:12","slug":"galimberti-cerrara-su-campana-con-la-presencia-de-facundo-manes-en-parana","status":"publish","type":"post","link":"https:\/\/www.actualidadadiario.com\/index.php\/2023\/08\/07\/galimberti-cerrara-su-campana-con-la-presencia-de-facundo-manes-en-parana\/","title":{"rendered":"Galimberti cerrar\u00e1 su campa\u00f1a con la presencia de Facundo Manes en Paran\u00e1"},"content":{"rendered":"<p style=\"text-align: center;\"><em><strong>Ser\u00e1 este mi\u00e9rcoles 9 de agosto, a las 20 horas, en el sal\u00f3n del C\u00edrculo M\u00e9dico, ubicado en General Justo Jos\u00e9 de Urquiza 1135, de la capital provincial<\/strong><\/em><\/p>\n<p>&nbsp;<\/p>\n<p>&nbsp;<\/p>\n<p>La actividad, que le pondr\u00e1 punto final a nivel provincial, a la campa\u00f1a de cara a las elecciones PASO 2023, tendr\u00e1 como principales oradores a Dar\u00edo Schneider, primer candidato a Diputado Provincial, Ana D&#8217;Angelo, f\u00f3rmula de Galimberti para la gobernaci\u00f3n de la provincia, y Facundo Manes, Neur\u00f3logo, Cient\u00edfico y Pol\u00edticos de nuestro pa\u00eds que, desde el inicio, apoy\u00f3 la pre candidatura de Galimberti en Entre R\u00edos.<\/p>\n<p>Cabe mencionar que Galimberti y Manes son parte de la C\u00e1mara de Diputados de la Naci\u00f3n y que, a fines del a\u00f1o pasado, el M\u00e9dico estuvo en Chajar\u00ed para apoyar la precandidatura del Abogado. En la ocasi\u00f3n, fueron parte del encuentro de Entre R\u00edos Cambia que se llev\u00f3 adelante en Chajar\u00ed, en las instalaciones del club 1 de Mayo.<\/p>\n<p>En aquella oportunidad, Facundo Manes, hizo hincapi\u00e9 en sus convicciones pol\u00edticas y destac\u00f3: \u201cTengo un ADN radical y con Dar\u00edo Schneider y Pedro Galimberti me siento muy identificado por la lucha que llevan adelante en toda la provincia\u201d.\u00a0 Adem\u00e1s, mencion\u00f3 el rol que tienen donde \u201cse articula la visi\u00f3n para reconstruir Entre R\u00edos como prop\u00f3sito de vida\u201d.<\/p>\n<p>\u201cEstas cosas solo pueden crecer y estamos apoyando al pr\u00f3ximo gobernador de Entre R\u00edos Pedro Galimberti, encaramos un sistema que no quiere que nada cambie y ac\u00e1 lo desafiamos y aseguramos que la provincia y el pa\u00eds que viene es desde el interior a la capital\u201d, agreg\u00f3 Manes.<\/p>\n","protected":false},"excerpt":{"rendered":"<p>Ser\u00e1 este mi\u00e9rcoles 9 de agosto, a las 20 horas, en el sal\u00f3n del C\u00edrculo M\u00e9dico, ubicado en General Justo Jos\u00e9 de Urquiza 1135, de la capital provincial &nbsp; &nbsp; La actividad, que le pondr\u00e1 punto final a nivel provincial, a la campa\u00f1a de cara a las elecciones PASO 2023, tendr\u00e1 como principales oradores a Dar\u00edo Schneider, primer candidato a Diputado Provincial, Ana D&#8217;Angelo, f\u00f3rmula de Galimberti para la gobernaci\u00f3n de la provincia, y Facundo Manes, Neur\u00f3logo, Cient\u00edfico y Pol\u00edticos de nuestro pa\u00eds que, desde el inicio, apoy\u00f3 la pre&#8230;<\/p>\n","protected":false},"author":3,"featured_media":105962,"comment_status":"closed","ping_status":"closed","sticky":false,"template":"","format":"standard","meta":[],"categories":[15],"tags":[],"_links":{"self":[{"href":"https:\/\/www.actualidadadiario.com\/index.php\/wp-json\/wp\/v2\/posts\/105961"}],"collection":[{"href":"https:\/\/www.actualidadadiario.com\/index.php\/wp-json\/wp\/v2\/posts"}],"about":[{"href":"https:\/\/www.actualidadadiario.com\/index.php\/wp-json\/wp\/v2\/types\/post"}],"author":[{"embeddable":true,"href":"https:\/\/www.actualidadadiario.com\/index.php\/wp-json\/wp\/v2\/users\/3"}],"replies":[{"embeddable":true,"href":"https:\/\/www.actualidadadiario.com\/index.php\/wp-json\/wp\/v2\/comments?post=105961"}],"version-history":[{"count":1,"href":"https:\/\/www.actualidadadiario.com\/index.php\/wp-json\/wp\/v2\/posts\/105961\/revisions"}],"predecessor-version":[{"id":105963,"href":"https:\/\/www.actualidadadiario.com\/index.php\/wp-json\/wp\/v2\/posts\/105961\/revisions\/105963"}],"wp:featuredmedia":[{"embeddable":true,"href":"https:\/\/www.actualidadadiario.com\/index.php\/wp-json\/wp\/v2\/media\/105962"}],"wp:attachment":[{"href":"https:\/\/www.actualidadadiario.com\/index.php\/wp-json\/wp\/v2\/media?parent=105961"}],"wp:term":[{"taxonomy":"category","embeddable":true,"href":"https:\/\/www.actualidadadiario.com\/index.php\/wp-json\/wp\/v2\/categories?post=105961"},{"taxonomy":"post_tag","embeddable":true,"href":"https:\/\/www.actualidadadiario.com\/index.php\/wp-json\/wp\/v2\/tags?post=105961"}],"curies":[{"name":"wp","href":"https:\/\/api.w.org\/{rel}","templated":true}]}}