{"id":105959,"date":"2023-08-07T11:21:22","date_gmt":"2023-08-07T14:21:22","guid":{"rendered":"https:\/\/www.actualidadadiario.com\/?p=105959"},"modified":"2023-08-07T11:21:22","modified_gmt":"2023-08-07T14:21:22","slug":"juan-schiaretti-estara-este-lunes-en-parana","status":"publish","type":"post","link":"https:\/\/www.actualidadadiario.com\/index.php\/2023\/08\/07\/juan-schiaretti-estara-este-lunes-en-parana\/","title":{"rendered":"Juan Schiaretti estar\u00e1 este lunes en Paran\u00e1"},"content":{"rendered":"<p style=\"text-align: center;\"><em><strong>El precandidato a presidente por Hacemos por Nuestro Pa\u00eds realizar\u00e1 un recorrido por la capital entrerriana y brindar\u00e1 una conferencia de prensa para presentar sus propuestas de cara a las PASO 2023<\/strong><\/em><\/p>\n<p>&nbsp;<\/p>\n<p>&nbsp;<\/p>\n<p>Este lunes, Juan Schiaretti visitar\u00e1 la ciudad de Paran\u00e1 de cara al pr\u00f3ximo domingo cuando se llevar\u00e1n a cabo las PASO presidenciales.<\/p>\n<p>El actual gobernador de C\u00f3rdoba, que forma parte del partido pol\u00edtico Hacemos por Nuestro Pa\u00eds, realizar\u00e1 un recorrido por la capital entrerriana durante la jornada matutina.<\/p>\n<p>Por la tarde, brindar\u00e1 una conferencia de prensa en el Hotel Maran a partir de las 16:30.<\/p>\n","protected":false},"excerpt":{"rendered":"<p>El precandidato a presidente por Hacemos por Nuestro Pa\u00eds realizar\u00e1 un recorrido por la capital entrerriana y brindar\u00e1 una conferencia de prensa para presentar sus propuestas de cara a las PASO 2023 &nbsp; &nbsp; Este lunes, Juan Schiaretti visitar\u00e1 la ciudad de Paran\u00e1 de cara al pr\u00f3ximo domingo cuando se llevar\u00e1n a cabo las PASO presidenciales. El actual gobernador de C\u00f3rdoba, que forma parte del partido pol\u00edtico Hacemos por Nuestro Pa\u00eds, realizar\u00e1 un recorrido por la capital entrerriana durante la jornada matutina. Por la tarde, brindar\u00e1 una conferencia de prensa&#8230;<\/p>\n","protected":false},"author":3,"featured_media":26449,"comment_status":"closed","ping_status":"closed","sticky":false,"template":"","format":"standard","meta":[],"categories":[15],"tags":[],"_links":{"self":[{"href":"https:\/\/www.actualidadadiario.com\/index.php\/wp-json\/wp\/v2\/posts\/105959"}],"collection":[{"href":"https:\/\/www.actualidadadiario.com\/index.php\/wp-json\/wp\/v2\/posts"}],"about":[{"href":"https:\/\/www.actualidadadiario.com\/index.php\/wp-json\/wp\/v2\/types\/post"}],"author":[{"embeddable":true,"href":"https:\/\/www.actualidadadiario.com\/index.php\/wp-json\/wp\/v2\/users\/3"}],"replies":[{"embeddable":true,"href":"https:\/\/www.actualidadadiario.com\/index.php\/wp-json\/wp\/v2\/comments?post=105959"}],"version-history":[{"count":1,"href":"https:\/\/www.actualidadadiario.com\/index.php\/wp-json\/wp\/v2\/posts\/105959\/revisions"}],"predecessor-version":[{"id":105960,"href":"https:\/\/www.actualidadadiario.com\/index.php\/wp-json\/wp\/v2\/posts\/105959\/revisions\/105960"}],"wp:featuredmedia":[{"embeddable":true,"href":"https:\/\/www.actualidadadiario.com\/index.php\/wp-json\/wp\/v2\/media\/26449"}],"wp:attachment":[{"href":"https:\/\/www.actualidadadiario.com\/index.php\/wp-json\/wp\/v2\/media?parent=105959"}],"wp:term":[{"taxonomy":"category","embeddable":true,"href":"https:\/\/www.actualidadadiario.com\/index.php\/wp-json\/wp\/v2\/categories?post=105959"},{"taxonomy":"post_tag","embeddable":true,"href":"https:\/\/www.actualidadadiario.com\/index.php\/wp-json\/wp\/v2\/tags?post=105959"}],"curies":[{"name":"wp","href":"https:\/\/api.w.org\/{rel}","templated":true}]}}