{"id":105954,"date":"2023-08-07T11:17:51","date_gmt":"2023-08-07T14:17:51","guid":{"rendered":"https:\/\/www.actualidadadiario.com\/?p=105954"},"modified":"2023-08-07T11:17:51","modified_gmt":"2023-08-07T14:17:51","slug":"las-muertes-en-siniestros-viales-siguen-en-aumento-en-entre-rios","status":"publish","type":"post","link":"https:\/\/www.actualidadadiario.com\/index.php\/2023\/08\/07\/las-muertes-en-siniestros-viales-siguen-en-aumento-en-entre-rios\/","title":{"rendered":"Las muertes en siniestros viales siguen en aumento en Entre R\u00edos"},"content":{"rendered":"<p style=\"text-align: center;\"><em><strong>Hasta julio de este a\u00f1o, la cifra de fallecidos era de 89, sin contar los dos que ya se registraron en los primeros d\u00edas de agosto. El \u00faltimo informe del Observatorio de Seguridad Vial, que depende del Ministerio de Gobierno y Justicia de Entre R\u00edos, muestra que en julio se registraron 15 muertes en siniestros viales<\/strong><\/em><\/p>\n<p>&nbsp;<\/p>\n<p>&nbsp;<\/p>\n<p>Adem\u00e1s, en los primeros seis d\u00edas de agosto ya se contabilizan dos muertes: el de Hugo Basso, de 35 a\u00f1os, en Paran\u00e1; y Valentina D\u00edaz, de 19, en Gualeguaych\u00fa. El primero fue atropellado el viernes 4 por un micro de larga distancia en la zona de las Cinco Esquinas, de la capital entrerriana; y la segunda muri\u00f3 en el choque del s\u00e1bado 5 por la madrugada cerca del Cors\u00f3dromo de la ciudad del carnaval.<\/p>\n<p>Se trata de una cifra alarmante si se tiene en cuenta que en el mismo mes del a\u00f1o pasado se contabilizaron s\u00f3lo seis fallecimientos. La serie estad\u00edstica tambi\u00e9n muestra que desde enero a julio de este a\u00f1o se llevan reportados 89 muertos en diferentes choques u accidentes.<\/p>\n<p>Si se lo compara con las cifras del a\u00f1o pasado, una vez m\u00e1s el informe del organismo provincial muestra un aumento de v\u00edctimas fatales en siniestros viales. Y es que entre enero y julio de 2022 se contabilizaron 71 muertos. Es decir, 18 menos que en la actualidad.<\/p>\n<p>El informe de este a\u00f1o del Observatorio detalla que en enero fallecieron 24 personas, en febrero 14, en marzo 4, en abril 9, en mayo 13, en junio 10 y en julio 15. Subraya adem\u00e1s que &#8220;el n\u00famero de varones fallecidos triplica al de mujeres fallecidas&#8221;. En rigor, se\u00f1ala que un 79% de los muertos son hombres y un 21% mujeres.<\/p>\n<p>Adem\u00e1s, sostiene que &#8220;el rango etario entre los 35 y 44 a\u00f1os lideran la mayor concentraci\u00f3n de v\u00edctimas fatales, seguido muy de cerca por la franja entre 15 y 24 a\u00f1os&#8221;. En tanto, refiere que &#8220;seis de cada 10 v\u00edctimas son usuarios vulnerables de la v\u00eda&#8221;.<\/p>\n<p>El Observatorio menciona los datos de siniestros fatales por localidad, que es el siguiente: San Salvador (1), Federal (1), La Paz (13), Rosario del Tala (2), Villaguay (3), Victoria (4), Concepci\u00f3n del Uruguay (5), Paran\u00e1 (13), Nogoy\u00e1 (3), Islas (2), Gualeguaych\u00fa (4), Gualeguay (6), Federaci\u00f3n (11), Diamante (2), Concordia (11) y Col\u00f3n (8).<\/p>\n<p>&nbsp;<\/p>\n<p><strong>Serie hist\u00f3rica<\/strong><\/p>\n<p>El reporte del organismo tambi\u00e9n contiene una serie hist\u00f3rica de fallecidos en siniestros viales desde 2008.<\/p>\n<p>En 2008 hubo 171 muertos; en 2009, 152; en 2010, 149; en 2011, 148; en 2012, 160: en 2013, 144; en 2014, 160; en 2015, 137; en 2016, 167; en 2017, 160; 2018, 192; en 2019, 139; en 2020, 72 (el a\u00f1o de la pandemia); en 2021, se registraron 147; y en 2022, 122.<\/p>\n<p>El Observatorio aclara que las cifras que van de 2008 a 2016 son estimaciones recolectadas de informes policiales y que desde 2017 se comenz\u00f3 a realizar un seguimiento de heridos por 30 d\u00edas.<\/p>\n<p>Adem\u00e1s, precisa que &#8220;los datos del a\u00f1o 2020 corresponden a un per\u00edodo de pandemia y restricci\u00f3n vehicular&#8221; por lo que se recomienda entender la baja cifra de muertes por esa circunstancia.<\/p>\n<p>Los datos que recopila el Observatorio surgen de una elaboraci\u00f3n propia a trav\u00e9s de datos reportados al Sistema Integral de Gesti\u00f3n de la Informaci\u00f3n de Seguridad Vial (SIGISVI) por los 18 gabinetes de Accidentolog\u00eda vial de la Polic\u00eda provincial.<\/p>\n","protected":false},"excerpt":{"rendered":"<p>Hasta julio de este a\u00f1o, la cifra de fallecidos era de 89, sin contar los dos que ya se registraron en los primeros d\u00edas de agosto. El \u00faltimo informe del Observatorio de Seguridad Vial, que depende del Ministerio de Gobierno y Justicia de Entre R\u00edos, muestra que en julio se registraron 15 muertes en siniestros viales &nbsp; &nbsp; Adem\u00e1s, en los primeros seis d\u00edas de agosto ya se contabilizan dos muertes: el de Hugo Basso, de 35 a\u00f1os, en Paran\u00e1; y Valentina D\u00edaz, de 19, en Gualeguaych\u00fa. El primero fue&#8230;<\/p>\n","protected":false},"author":3,"featured_media":79514,"comment_status":"closed","ping_status":"closed","sticky":false,"template":"","format":"standard","meta":[],"categories":[9,15],"tags":[],"_links":{"self":[{"href":"https:\/\/www.actualidadadiario.com\/index.php\/wp-json\/wp\/v2\/posts\/105954"}],"collection":[{"href":"https:\/\/www.actualidadadiario.com\/index.php\/wp-json\/wp\/v2\/posts"}],"about":[{"href":"https:\/\/www.actualidadadiario.com\/index.php\/wp-json\/wp\/v2\/types\/post"}],"author":[{"embeddable":true,"href":"https:\/\/www.actualidadadiario.com\/index.php\/wp-json\/wp\/v2\/users\/3"}],"replies":[{"embeddable":true,"href":"https:\/\/www.actualidadadiario.com\/index.php\/wp-json\/wp\/v2\/comments?post=105954"}],"version-history":[{"count":1,"href":"https:\/\/www.actualidadadiario.com\/index.php\/wp-json\/wp\/v2\/posts\/105954\/revisions"}],"predecessor-version":[{"id":105955,"href":"https:\/\/www.actualidadadiario.com\/index.php\/wp-json\/wp\/v2\/posts\/105954\/revisions\/105955"}],"wp:featuredmedia":[{"embeddable":true,"href":"https:\/\/www.actualidadadiario.com\/index.php\/wp-json\/wp\/v2\/media\/79514"}],"wp:attachment":[{"href":"https:\/\/www.actualidadadiario.com\/index.php\/wp-json\/wp\/v2\/media?parent=105954"}],"wp:term":[{"taxonomy":"category","embeddable":true,"href":"https:\/\/www.actualidadadiario.com\/index.php\/wp-json\/wp\/v2\/categories?post=105954"},{"taxonomy":"post_tag","embeddable":true,"href":"https:\/\/www.actualidadadiario.com\/index.php\/wp-json\/wp\/v2\/tags?post=105954"}],"curies":[{"name":"wp","href":"https:\/\/api.w.org\/{rel}","templated":true}]}}