{"id":105951,"date":"2023-08-07T11:16:57","date_gmt":"2023-08-07T14:16:57","guid":{"rendered":"https:\/\/www.actualidadadiario.com\/?p=105951"},"modified":"2023-08-07T11:16:57","modified_gmt":"2023-08-07T14:16:57","slug":"vamos-a-acompanar-al-campo-con-hechos-concretos-manifesto-bahl","status":"publish","type":"post","link":"https:\/\/www.actualidadadiario.com\/index.php\/2023\/08\/07\/vamos-a-acompanar-al-campo-con-hechos-concretos-manifesto-bahl\/","title":{"rendered":"\u201cVamos a acompa\u00f1ar al campo con hechos concretos\u201d, manifest\u00f3 Bahl"},"content":{"rendered":"<p style=\"text-align: center;\"><em><strong>El precandidato a Gobernador por M\u00e1s para Entre R\u00edos, Ad\u00e1n Bahl, particip\u00f3 de la 96\u00b0 Expo Rural Villaguay, la tradicional exposici\u00f3n de ganader\u00eda, industria y comercio junto a Claudia Monjo, compa\u00f1era de f\u00f3rmula y actual intendenta de la localidad, sostuvo: \u201cTenemos un plan especial para los caminos rurales y la conectividad; como intendentes nos gusta trabajar as\u00ed: conocer, planificar y resolver\u201d<\/strong><\/em><\/p>\n<p>&nbsp;<\/p>\n<p>&nbsp;<\/p>\n<p>\u201cEstar ac\u00e1 marca lo que nos comprometimos en nuestro encuentro previo: tener un di\u00e1logo abierto y un v\u00ednculo cercano, con la absoluta certeza de que vamos a acompa\u00f1ar al campo con hechos concretos\u201d, se\u00f1al\u00f3. Y explic\u00f3 que en su recorrida por la provincia, escuch\u00f3 las demandas de los productores respecto a caminos rurales y conectividad. \u201cTenemos un plan especial para ambos temas. Como intendentes nos gusta trabajar as\u00ed: conocer, planificar y resolver\u201d, indic\u00f3.<\/p>\n<p>Luego, destac\u00f3 que el Gobernador Gustavo Bordet deja una provincia \u201cordenada y en marcha\u201d para ir por un \u201csalto de calidad y aprovechar que el mundo necesita lo que Entre R\u00edos tiene: alimento, talento y conocimiento\u201d. Y agreg\u00f3: \u201cSi sumamos la posibilidad de tener como presidente a un hombre como Sergio Massa, con una enorme capacidad de trabajo y una mirada federal, Entre R\u00edos tiene todo para recuperar un fuerte protagonismo a nivel nacional\u201d.<\/p>\n<p>Por \u00faltimo, concluy\u00f3: \u201cQueremos que nuestros gurises puedan desarrollarse ac\u00e1, con m\u00e1s oportunidades. Y esto lo vamos a hacer finalizando las obras en marcha y generando m\u00e1s infraestructura, con m\u00e1s educaci\u00f3n, viviendas y potenciando a quienes generan trabajo, fundamentalmente al sector productivo\u201d.<\/p>\n<p>Monjo, por su parte, valor\u00f3 que \u201cen cada pueblo y ciudad de la provincia hay mucha producci\u00f3n, parques industriales en pleno desarrollo y con muchas ganas de seguir invirtiendo y generando m\u00e1s trabajo. Esto nos llena de orgullo y es parte de nuestra visi\u00f3n de acompa\u00f1arlos para ir por m\u00e1s desarrollo en la provincia\u201d.<\/p>\n<p>El Senador provincial y precandidato a Intendente de Villaguay, Adri\u00e1n Fuertes, remarc\u00f3 que \u201cnuestra responsabilidad es no volver atr\u00e1s y a lo que padecimos con la gesti\u00f3n macrista entre 2015 y 2019\u201d. Y valor\u00f3 que \u201ccuando Beto (Bahl) fue Ministro de Gobierno nos acompa\u00f1\u00f3 en much\u00edsimas obras que son realidad. Hoy est\u00e1 comprometido a continuar otras muy importantes, como la ruta 18, la ruta 20 y el Hospital Santa Rosa. Lo conocemos y acompa\u00f1amos su proyecto hace mucho tiempo\u201d.<\/p>\n<p>Por \u00faltimo, el Diputado provincial y precandidato a Senador, Juan Pablo Cosso, convoc\u00f3 a \u201cseguir trabajando y acompa\u00f1ando la propuesta de tener a Beto como Gobernador, que es algo muy importante para la provincia, junto con Claudia, que es un orgullo para Villaguay\u201d.<\/p>\n","protected":false},"excerpt":{"rendered":"<p>El precandidato a Gobernador por M\u00e1s para Entre R\u00edos, Ad\u00e1n Bahl, particip\u00f3 de la 96\u00b0 Expo Rural Villaguay, la tradicional exposici\u00f3n de ganader\u00eda, industria y comercio junto a Claudia Monjo, compa\u00f1era de f\u00f3rmula y actual intendenta de la localidad, sostuvo: \u201cTenemos un plan especial para los caminos rurales y la conectividad; como intendentes nos gusta trabajar as\u00ed: conocer, planificar y resolver\u201d &nbsp; &nbsp; \u201cEstar ac\u00e1 marca lo que nos comprometimos en nuestro encuentro previo: tener un di\u00e1logo abierto y un v\u00ednculo cercano, con la absoluta certeza de que vamos a&#8230;<\/p>\n","protected":false},"author":3,"featured_media":105952,"comment_status":"closed","ping_status":"closed","sticky":false,"template":"","format":"standard","meta":[],"categories":[15],"tags":[],"_links":{"self":[{"href":"https:\/\/www.actualidadadiario.com\/index.php\/wp-json\/wp\/v2\/posts\/105951"}],"collection":[{"href":"https:\/\/www.actualidadadiario.com\/index.php\/wp-json\/wp\/v2\/posts"}],"about":[{"href":"https:\/\/www.actualidadadiario.com\/index.php\/wp-json\/wp\/v2\/types\/post"}],"author":[{"embeddable":true,"href":"https:\/\/www.actualidadadiario.com\/index.php\/wp-json\/wp\/v2\/users\/3"}],"replies":[{"embeddable":true,"href":"https:\/\/www.actualidadadiario.com\/index.php\/wp-json\/wp\/v2\/comments?post=105951"}],"version-history":[{"count":1,"href":"https:\/\/www.actualidadadiario.com\/index.php\/wp-json\/wp\/v2\/posts\/105951\/revisions"}],"predecessor-version":[{"id":105953,"href":"https:\/\/www.actualidadadiario.com\/index.php\/wp-json\/wp\/v2\/posts\/105951\/revisions\/105953"}],"wp:featuredmedia":[{"embeddable":true,"href":"https:\/\/www.actualidadadiario.com\/index.php\/wp-json\/wp\/v2\/media\/105952"}],"wp:attachment":[{"href":"https:\/\/www.actualidadadiario.com\/index.php\/wp-json\/wp\/v2\/media?parent=105951"}],"wp:term":[{"taxonomy":"category","embeddable":true,"href":"https:\/\/www.actualidadadiario.com\/index.php\/wp-json\/wp\/v2\/categories?post=105951"},{"taxonomy":"post_tag","embeddable":true,"href":"https:\/\/www.actualidadadiario.com\/index.php\/wp-json\/wp\/v2\/tags?post=105951"}],"curies":[{"name":"wp","href":"https:\/\/api.w.org\/{rel}","templated":true}]}}