{"id":105948,"date":"2023-08-07T11:16:08","date_gmt":"2023-08-07T14:16:08","guid":{"rendered":"https:\/\/www.actualidadadiario.com\/?p=105948"},"modified":"2023-08-07T11:18:09","modified_gmt":"2023-08-07T14:18:09","slug":"bordet-seguiremos-luchando-siempre-para-que-salto-grande-sea-de-los-entrerrianos","status":"publish","type":"post","link":"https:\/\/www.actualidadadiario.com\/index.php\/2023\/08\/07\/bordet-seguiremos-luchando-siempre-para-que-salto-grande-sea-de-los-entrerrianos\/","title":{"rendered":"Bordet: \u201cSeguiremos luchando siempre para que Salto Grande sea de los entrerrianos\u201d"},"content":{"rendered":"<p style=\"text-align: center;\"><em><strong>\u201cHemos luchado y seguiremos luchando siempre para que Salto Grande sea de los entrerrianos\u201d, dijo el gobernador, Gustavo Bordet, este s\u00e1bado al pie de la represa y acot\u00f3 que apuntan a \u201creducir as\u00ed las asimetr\u00edas que tiene Entre R\u00edos en materia de tarifa el\u00e9ctrica\u201d<\/strong><\/em><\/p>\n<p>&nbsp;<\/p>\n<p>&nbsp;<\/p>\n<p>Junto a los intendentes de Paran\u00e1 y de Villaguay, Ad\u00e1n Bahl, y Claudia Monjo, respectivamente, el primer mandatario entrerriano lleg\u00f3 a Concordia para acercarse hasta la represa y luego recorrer las obras de ampliaci\u00f3n de la costanera Nebel.<\/p>\n<p>A su arribo a la capital del citrus, el gobernador fue recibido por el presidente de la Delegaci\u00f3n Argentina de la Comisi\u00f3n Mixta de Salto Grande, Luis Benedetto, en la sede de ese organismo. Tambi\u00e9n estuvo presente el gerente general argentino de Salto Grande, Javier Muguia.<\/p>\n<p>&nbsp;<\/p>\n<p><strong>Salto grande: productora de energ\u00eda para la regi\u00f3n<\/strong><\/p>\n<p>En ese marco, el intendente de Paran\u00e1, Ad\u00e1n Bahl, se refiri\u00f3 a la importancia de la represa de Salto Grande y expres\u00f3: \u201cEstamos en Concordia, en la represa hidroel\u00e9ctrica Salto Grande. Desde ac\u00e1, Entre R\u00edos produce energ\u00eda para toda la regi\u00f3n. Energ\u00eda que en nuestra provincia es clave para impulsar la industria y la agroindustria\u201d.<\/p>\n<p>Puntualiz\u00f3, que \u201cac\u00e1 tenemos un reclamo hist\u00f3rico que vamos a sostener, que impuls\u00f3 nuestro gobernador Gustavo Bordet, y es que Salto Grande tiene que ser de los entrerrianos\u201d.<\/p>\n<p>\u201cPara ir por m\u00e1s, vamos a acompa\u00f1ar ese reclamo, junto al proyecto de ley para obtener una tarifa diferencial. Vamos por m\u00e1s, para que se consolide el perfil de la Entre R\u00edos productora de energ\u00eda\u201d, enfatiz\u00f3.<\/p>\n<p>Luego, las autoridades recorrieron la obra de ampliaci\u00f3n de la costanera Nebel. All\u00ed el gobernador coment\u00f3 que la obra fue acordada con el intendente Cresto, tras lo cual se realiz\u00f3 el proyecto y comenz\u00f3 su ejecuci\u00f3n. \u201cEst\u00e1 avanzada en pr\u00e1cticamente un 80 por ciento y calculamos que en un par de meses va a estar terminada esta obra que posibilita prevenir la crecida del r\u00edo, el deterioro costero\u201d, acot\u00f3, al tiempo que indic\u00f3 que comprende trabajos hidr\u00e1ulicos muy importantes.<\/p>\n<p>\u201cTambi\u00e9n es un lugar de esparcimiento para los concordienses con una vista inmejorable del r\u00edo Uruguay\u201d, afirm\u00f3 el gobernador y agreg\u00f3 que adem\u00e1s se ejecutaron veredas, desag\u00fces pluviales y pavimentaci\u00f3n de varias calles de la zona. \u201cEs una obra que va a dejar situada a toda esta zona de Concordia como un lugar tur\u00edstico por un lado y tambi\u00e9n proteger la costa ante cada crecida del r\u00edo, dando calidad de vida a todos los concordienses\u201d, a\u00f1adi\u00f3.<\/p>\n<p>&nbsp;<\/p>\n<p><strong>Obras que transforman<\/strong><\/p>\n<p>P\u00e1rrafo seguido, Bahl, se refiri\u00f3 a la ciudad de Concordia y expres\u00f3: \u201cVeo a Concordia m\u00e1s linda que nunca. Y eso tiene que ver con que hay un gobierno municipal y provincial tirando para el mismo lado. Gestionando y avanzando en obras transformadoras como esta nueva costanera, que no s\u00f3lo suma un nuevo espacio verde para que los concordienses disfruten de su hermoso r\u00edo, de sus hermosos paisajes, sino que es infraestructura tur\u00edstica\u201d.<\/p>\n<p>\u201cEl turismo es desarrollo. Impacta en toda la econom\u00eda local: en la hoteler\u00eda, en la gastronom\u00eda, en el comercio, y por eso es una de nuestras principales l\u00edneas de trabajo para la Entre R\u00edos que viene\u201d, indic\u00f3 Ad\u00e1n Bahl.<\/p>\n<p>Acompa\u00f1aron, tambi\u00e9n, el intendente de Concordia, Enrique Cresto; la presidenta de la Fundaci\u00f3n Iapser, Mariel \u00c1vila; la ex diputada nacional por Entre R\u00edos y secretaria de la Fundaci\u00f3n La Delfina, Mayda Cresto; la jefa de Epidemiolog\u00eda del hospital Delicia Concepci\u00f3n Masvernat y compa\u00f1era de f\u00f3rmula de \u00c1ngel Giano, como pre candidata a vice intendenta de la ciudad de Concordia, Fabiana Leiva.<\/p>\n<p>&nbsp;<\/p>\n<p><strong>Sobre la ampliaci\u00f3n de la costanera Nebel<\/strong><\/p>\n<p>Las obras en la costanera Nebel de Concordia alcanzan el 98 por ciento de ejecuci\u00f3n con financiamiento de Naci\u00f3n, en tanto la ampliaci\u00f3n financiada por el gobierno provincial llega al 32 por ciento.<\/p>\n<p>El proyecto forma parte de la continuidad del borde costero de la ciudad de Concordia, iniciado en la recuperaci\u00f3n de la costanera central entre Playa Los Sauces y el Balneario Viejo de la ciudad.<\/p>\n<p>Esta obra pretende conectar por un lado los barrios ubicados sobre la costa del R\u00edo Uruguay, al este del Arroyo Manzores, con el \u00e1rea central de la ciudad, y por otro continuar con la intervenci\u00f3n en el borde costero. Comprende la urbanizaci\u00f3n, optimizaci\u00f3n circulatoria, equipamiento y obras de infraestructura en un sector del barrio Nebel.<\/p>\n","protected":false},"excerpt":{"rendered":"<p>\u201cHemos luchado y seguiremos luchando siempre para que Salto Grande sea de los entrerrianos\u201d, dijo el gobernador, Gustavo Bordet, este s\u00e1bado al pie de la represa y acot\u00f3 que apuntan a \u201creducir as\u00ed las asimetr\u00edas que tiene Entre R\u00edos en materia de tarifa el\u00e9ctrica\u201d &nbsp; &nbsp; Junto a los intendentes de Paran\u00e1 y de Villaguay, Ad\u00e1n Bahl, y Claudia Monjo, respectivamente, el primer mandatario entrerriano lleg\u00f3 a Concordia para acercarse hasta la represa y luego recorrer las obras de ampliaci\u00f3n de la costanera Nebel. A su arribo a la capital&#8230;<\/p>\n","protected":false},"author":3,"featured_media":105949,"comment_status":"closed","ping_status":"closed","sticky":false,"template":"","format":"standard","meta":[],"categories":[15],"tags":[],"_links":{"self":[{"href":"https:\/\/www.actualidadadiario.com\/index.php\/wp-json\/wp\/v2\/posts\/105948"}],"collection":[{"href":"https:\/\/www.actualidadadiario.com\/index.php\/wp-json\/wp\/v2\/posts"}],"about":[{"href":"https:\/\/www.actualidadadiario.com\/index.php\/wp-json\/wp\/v2\/types\/post"}],"author":[{"embeddable":true,"href":"https:\/\/www.actualidadadiario.com\/index.php\/wp-json\/wp\/v2\/users\/3"}],"replies":[{"embeddable":true,"href":"https:\/\/www.actualidadadiario.com\/index.php\/wp-json\/wp\/v2\/comments?post=105948"}],"version-history":[{"count":1,"href":"https:\/\/www.actualidadadiario.com\/index.php\/wp-json\/wp\/v2\/posts\/105948\/revisions"}],"predecessor-version":[{"id":105950,"href":"https:\/\/www.actualidadadiario.com\/index.php\/wp-json\/wp\/v2\/posts\/105948\/revisions\/105950"}],"wp:featuredmedia":[{"embeddable":true,"href":"https:\/\/www.actualidadadiario.com\/index.php\/wp-json\/wp\/v2\/media\/105949"}],"wp:attachment":[{"href":"https:\/\/www.actualidadadiario.com\/index.php\/wp-json\/wp\/v2\/media?parent=105948"}],"wp:term":[{"taxonomy":"category","embeddable":true,"href":"https:\/\/www.actualidadadiario.com\/index.php\/wp-json\/wp\/v2\/categories?post=105948"},{"taxonomy":"post_tag","embeddable":true,"href":"https:\/\/www.actualidadadiario.com\/index.php\/wp-json\/wp\/v2\/tags?post=105948"}],"curies":[{"name":"wp","href":"https:\/\/api.w.org\/{rel}","templated":true}]}}