{"id":105942,"date":"2023-08-04T14:40:12","date_gmt":"2023-08-04T17:40:12","guid":{"rendered":"https:\/\/www.actualidadadiario.com\/?p=105942"},"modified":"2023-08-04T14:40:12","modified_gmt":"2023-08-04T17:40:12","slug":"el-papa-francisco-revelo-que-su-visita-a-la-argentina-esta-en-programa","status":"publish","type":"post","link":"https:\/\/www.actualidadadiario.com\/index.php\/2023\/08\/04\/el-papa-francisco-revelo-que-su-visita-a-la-argentina-esta-en-programa\/","title":{"rendered":"El papa Francisco revel\u00f3 que su visita a la Argentina &#8220;est\u00e1 en programa&#8221;"},"content":{"rendered":"<p style=\"text-align: center;\"><em><strong>El Sumo Pont\u00edfice admiti\u00f3 que piensa desplazarse hasta el Cono Sur de Am\u00e9rica en 2024. &#8220;Veremos si se puede hacer, una vez que pase el a\u00f1o electoral&#8221;, aclar\u00f3<\/strong><\/em><\/p>\n<p>&nbsp;<\/p>\n<p>&nbsp;<\/p>\n<p>El papa Francisco admiti\u00f3 durante una entrevista publicada en un medio espa\u00f1ol que en 2024 podr\u00eda visitar la Rep\u00fablica Argentina, en un desplazamiento que tambi\u00e9n incluir\u00eda a Uruguay ya que la visita &#8220;est\u00e1 en programa&#8221;.<\/p>\n<p>Algunos medios locales se hicieron eco este viernes de sus declaraciones a la revista Vida Nueva: &#8220;Puedo confirmar que est\u00e1 en programa. Veremos si se puede hacer, una vez que pase el a\u00f1o electoral&#8221;.<\/p>\n<p>El Sumo Pont\u00edfice reiter\u00f3 que una posible visita a la Argentina &#8220;est\u00e1 en programa&#8221; para despu\u00e9s de las elecciones generales que se celebrar\u00e1n este a\u00f1o y que el Vaticano estudiar\u00e1 &#8220;si se puede hacer&#8221;.<\/p>\n<p>&#8220;Terminadas las elecciones, se puede hacer&#8221;, se\u00f1al\u00f3 Jorge Bergoglio (papa Francisco), de 86 a\u00f1os, sobre lo que ser\u00eda su primera visita como Papa a la Argentina.<\/p>\n<p>Cuando le pidieron alguna precisi\u00f3n m\u00e1s acerca de su eventual viaje, resalt\u00f3: &#8220;En estos momentos solo pienso en la Argentina\u2026 y quiz\u00e1s Uruguay&#8221;,..<\/p>\n<p>El Papa -esta semana de visita en Portugal- reconoci\u00f3 que &#8220;ya hubo varios intentos antes, pero las elecciones frustraron la visita&#8221;, ya que la Santa Sede desaconseja los viajes papales durante los a\u00f1os electorales.<\/p>\n","protected":false},"excerpt":{"rendered":"<p>El Sumo Pont\u00edfice admiti\u00f3 que piensa desplazarse hasta el Cono Sur de Am\u00e9rica en 2024. &#8220;Veremos si se puede hacer, una vez que pase el a\u00f1o electoral&#8221;, aclar\u00f3 &nbsp; &nbsp; El papa Francisco admiti\u00f3 durante una entrevista publicada en un medio espa\u00f1ol que en 2024 podr\u00eda visitar la Rep\u00fablica Argentina, en un desplazamiento que tambi\u00e9n incluir\u00eda a Uruguay ya que la visita &#8220;est\u00e1 en programa&#8221;. Algunos medios locales se hicieron eco este viernes de sus declaraciones a la revista Vida Nueva: &#8220;Puedo confirmar que est\u00e1 en programa. Veremos si se&#8230;<\/p>\n","protected":false},"author":3,"featured_media":105943,"comment_status":"closed","ping_status":"closed","sticky":false,"template":"","format":"standard","meta":[],"categories":[4],"tags":[],"_links":{"self":[{"href":"https:\/\/www.actualidadadiario.com\/index.php\/wp-json\/wp\/v2\/posts\/105942"}],"collection":[{"href":"https:\/\/www.actualidadadiario.com\/index.php\/wp-json\/wp\/v2\/posts"}],"about":[{"href":"https:\/\/www.actualidadadiario.com\/index.php\/wp-json\/wp\/v2\/types\/post"}],"author":[{"embeddable":true,"href":"https:\/\/www.actualidadadiario.com\/index.php\/wp-json\/wp\/v2\/users\/3"}],"replies":[{"embeddable":true,"href":"https:\/\/www.actualidadadiario.com\/index.php\/wp-json\/wp\/v2\/comments?post=105942"}],"version-history":[{"count":1,"href":"https:\/\/www.actualidadadiario.com\/index.php\/wp-json\/wp\/v2\/posts\/105942\/revisions"}],"predecessor-version":[{"id":105944,"href":"https:\/\/www.actualidadadiario.com\/index.php\/wp-json\/wp\/v2\/posts\/105942\/revisions\/105944"}],"wp:featuredmedia":[{"embeddable":true,"href":"https:\/\/www.actualidadadiario.com\/index.php\/wp-json\/wp\/v2\/media\/105943"}],"wp:attachment":[{"href":"https:\/\/www.actualidadadiario.com\/index.php\/wp-json\/wp\/v2\/media?parent=105942"}],"wp:term":[{"taxonomy":"category","embeddable":true,"href":"https:\/\/www.actualidadadiario.com\/index.php\/wp-json\/wp\/v2\/categories?post=105942"},{"taxonomy":"post_tag","embeddable":true,"href":"https:\/\/www.actualidadadiario.com\/index.php\/wp-json\/wp\/v2\/tags?post=105942"}],"curies":[{"name":"wp","href":"https:\/\/api.w.org\/{rel}","templated":true}]}}