{"id":105939,"date":"2023-08-04T14:39:28","date_gmt":"2023-08-04T17:39:28","guid":{"rendered":"https:\/\/www.actualidadadiario.com\/?p=105939"},"modified":"2023-08-04T14:39:28","modified_gmt":"2023-08-04T17:39:28","slug":"la-violencia-policial-en-brasil-dejo-cerca-de-50-muertos-en-una-semana","status":"publish","type":"post","link":"https:\/\/www.actualidadadiario.com\/index.php\/2023\/08\/04\/la-violencia-policial-en-brasil-dejo-cerca-de-50-muertos-en-una-semana\/","title":{"rendered":"La violencia policial en Brasil dej\u00f3 cerca de 50 muertos en una semana"},"content":{"rendered":"<p style=\"text-align: center;\"><em><strong>La vocera de la Oficina de Derechos Humanos de Naciones Unidas dijo que el organismo est\u00e1 &#8220;profundamente consternado&#8221; por el casi medio centenar de muertos registrados durante diversos operativos contra el narcotr\u00e1fico y el crimen organizado<\/strong><\/em><\/p>\n<p>&nbsp;<\/p>\n<p>&nbsp;<\/p>\n<p>Naciones Unidas denunci\u00f3 este viernes que la violencia policial en Brasil provoc\u00f3 &#8220;una de las semanas m\u00e1s sangrientas en muchos a\u00f1os&#8221;, con los casi 50 muertos registrados durante diversos operativos contra el narcotr\u00e1fico y el crimen organizado.<\/p>\n<p>&#8220;Estamos profundamente consternados por el alto n\u00famero de muertes ocurridas la semana pasada en Brasil, donde al menos 45 personas murieron en diferentes partes del pa\u00eds durante operaciones policiales supuestamente destinadas a combatir el narcotr\u00e1fico y el crimen organizado&#8221;, expres\u00f3 la vocera de la Oficina de Derechos Humanos de la ONU, Marta Hurtado.<\/p>\n<p>La vocera se\u00f1al\u00f3 que estas muertes &#8220;siguen a otros casos de violencia policial y presuntas ejecuciones extrajudiciales denunciadas en los \u00faltimos a\u00f1os en circunstancias que nunca se han esclarecido por completo y donde los responsables no han rendido cuentas&#8221;, seg\u00fan recogi\u00f3 la agencia de noticias Europa Press.<\/p>\n<p>&#8220;En los \u00faltimos a\u00f1os, el total de muertes en operaciones policiales en Brasil ha disminuido hasta cierto punto, pero las muertes de brasile\u00f1os afrodescendientes a manos de la polic\u00eda han aumentado; la brecha ya existente est\u00e1 creciendo a\u00fan m\u00e1s&#8221;, lament\u00f3.<\/p>\n<p>Desde el viernes pasado, al menos 44 personas murieron en R\u00edo de Janeiro, San Pablo y Bah\u00eda.<\/p>\n<p>&nbsp;<\/p>\n<p><strong>La acci\u00f3n policial en los barrios<\/strong><\/p>\n<p>Las incursiones policiales, habituales en barriadas populares de Brasil, se multiplicaron en la \u00faltima semana, comandadas por la Polic\u00eda Militar, que depende de los Gobiernos de los estados.<\/p>\n<p>En R\u00edo, nueve personas murieron en una operaci\u00f3n policial en el Complexo da Penha, un conjunto de favelas del norte de la ciudad, que tuvo como objetivo &#8220;localizar y detener a integrantes de grupos criminales&#8221; de la regi\u00f3n.<\/p>\n<p>La fuerza inform\u00f3 que los agentes &#8220;fueron atacados a tiros&#8221; por individuos armados y se produjeron enfrentamientos.<\/p>\n<p>En San Pablo, el detonante fue el asesinato a tiros del polic\u00eda Patrick Bastos Reis, de 30 a\u00f1os, durante un patrullaje en el municipio de Guaruj\u00e1, uno de los nueve de la Bajada Santista, a unos 60 kil\u00f3metros de la capital paulista.<\/p>\n<p>En respuesta, se despleg\u00f3 la denominada Operaci\u00f3n Escudo contra el crimen organizado, en el marco de la cual hubo 58 detenidos y una cantidad de muertes en aumento en medio de denuncias de &#8220;excesos&#8221; por parte de las fuerzas.<\/p>\n<p>El ministro de Justicia, Fl\u00e1vio Dino, dijo que la reacci\u00f3n de las fuerzas de seguridad no le parec\u00eda &#8220;proporcional en relaci\u00f3n con el crimen cometido&#8221;.<\/p>\n<p>El gobernador paulista, Tarc\u00edsio de Freitas, exministro del expresidente ultraderechista Jair Bolsonaro (2019-2022), respald\u00f3 el lunes el accionar policial ante el narcotr\u00e1fico y reforz\u00f3 la seguridad en el \u00e1rea donde la violencia continu\u00f3 el martes.<\/p>\n<p>Hasta ahora, fueron secuestrados 400 kilos de drogas y 18 armas, entre pistolas y fusiles.<\/p>\n<p>&nbsp;<\/p>\n<p><strong>Dudas, sospechas, confirmaciones<\/strong><\/p>\n<p>Tampoco hubo calma en Bah\u00eda, un estado gobernado por el Partido de los Trabajadores (PT) del presidente Luiz In\u00e1cio Lula da Silva.<\/p>\n<p>El viernes, siete &#8220;sospechosos&#8221; murieron en un operativo en la localidad de Cama\u00e7ari, 50 kil\u00f3metros al norte de Salvador. El domingo hubo otros ocho fallecidos en una incursi\u00f3n en Itatim, 200 kil\u00f3metros al oeste, y otros cuatro murieron en un barrio de Salvador.<\/p>\n<p>Esta seguidilla de fallecidos a manos de la polic\u00eda militar gener\u00f3 la respuesta de organizaciones vinculadas al movimiento negro, que anoche protagonizaron un acto pidiendo el fin de la Operaci\u00f3n Escudo en San Pablo.<\/p>\n<p>&#8220;Necesitamos poner fin de inmediato a la Operaci\u00f3n Escudo, que es una operaci\u00f3n de venganza contra las comunidades de ese territorio. Los vecinos est\u00e1n absolutamente asustados&#8221;, asegur\u00f3 la concejala Elaine Mineiro, citada por Agencia Brasil.<\/p>\n<p>Simone Nascimento, del Movimiento Negro Unificado, pidi\u00f3 a la Secretar\u00eda de Seguridad P\u00fablica &#8220;que se termine con este escenario de inseguridad, que la poblaci\u00f3n deje de tener miedo, que se investigue lo ocurrido&#8221; y que se identifique a las v\u00edctimas.<\/p>\n<p>Los manifestantes exhibieron pancartas criticando la actuaci\u00f3n policial, asegurando que se trata de una masacre: &#8220;No es una guerra contra las drogas, es una guerra contra los pobres&#8221;.<\/p>\n<p>&nbsp;<\/p>\n<p><strong>M\u00e1s de 6000 muertos <\/strong><\/p>\n<p>En 2022 Brasil registr\u00f3 6.429 muertos a manos de la polic\u00eda, seg\u00fan datos de la ONG Foro Brasile\u00f1o de Seguridad P\u00fablica.<\/p>\n","protected":false},"excerpt":{"rendered":"<p>La vocera de la Oficina de Derechos Humanos de Naciones Unidas dijo que el organismo est\u00e1 &#8220;profundamente consternado&#8221; por el casi medio centenar de muertos registrados durante diversos operativos contra el narcotr\u00e1fico y el crimen organizado &nbsp; &nbsp; Naciones Unidas denunci\u00f3 este viernes que la violencia policial en Brasil provoc\u00f3 &#8220;una de las semanas m\u00e1s sangrientas en muchos a\u00f1os&#8221;, con los casi 50 muertos registrados durante diversos operativos contra el narcotr\u00e1fico y el crimen organizado. &#8220;Estamos profundamente consternados por el alto n\u00famero de muertes ocurridas la semana pasada en Brasil,&#8230;<\/p>\n","protected":false},"author":3,"featured_media":105940,"comment_status":"closed","ping_status":"closed","sticky":false,"template":"","format":"standard","meta":[],"categories":[4],"tags":[],"_links":{"self":[{"href":"https:\/\/www.actualidadadiario.com\/index.php\/wp-json\/wp\/v2\/posts\/105939"}],"collection":[{"href":"https:\/\/www.actualidadadiario.com\/index.php\/wp-json\/wp\/v2\/posts"}],"about":[{"href":"https:\/\/www.actualidadadiario.com\/index.php\/wp-json\/wp\/v2\/types\/post"}],"author":[{"embeddable":true,"href":"https:\/\/www.actualidadadiario.com\/index.php\/wp-json\/wp\/v2\/users\/3"}],"replies":[{"embeddable":true,"href":"https:\/\/www.actualidadadiario.com\/index.php\/wp-json\/wp\/v2\/comments?post=105939"}],"version-history":[{"count":1,"href":"https:\/\/www.actualidadadiario.com\/index.php\/wp-json\/wp\/v2\/posts\/105939\/revisions"}],"predecessor-version":[{"id":105941,"href":"https:\/\/www.actualidadadiario.com\/index.php\/wp-json\/wp\/v2\/posts\/105939\/revisions\/105941"}],"wp:featuredmedia":[{"embeddable":true,"href":"https:\/\/www.actualidadadiario.com\/index.php\/wp-json\/wp\/v2\/media\/105940"}],"wp:attachment":[{"href":"https:\/\/www.actualidadadiario.com\/index.php\/wp-json\/wp\/v2\/media?parent=105939"}],"wp:term":[{"taxonomy":"category","embeddable":true,"href":"https:\/\/www.actualidadadiario.com\/index.php\/wp-json\/wp\/v2\/categories?post=105939"},{"taxonomy":"post_tag","embeddable":true,"href":"https:\/\/www.actualidadadiario.com\/index.php\/wp-json\/wp\/v2\/tags?post=105939"}],"curies":[{"name":"wp","href":"https:\/\/api.w.org\/{rel}","templated":true}]}}