{"id":105929,"date":"2023-08-04T14:36:15","date_gmt":"2023-08-04T17:36:15","guid":{"rendered":"https:\/\/www.actualidadadiario.com\/?p=105929"},"modified":"2023-08-04T14:36:15","modified_gmt":"2023-08-04T17:36:15","slug":"la-corte-suprema-debera-tramitar-la-demanda-del-gobierno-nacional-contra-jujuy","status":"publish","type":"post","link":"https:\/\/www.actualidadadiario.com\/index.php\/2023\/08\/04\/la-corte-suprema-debera-tramitar-la-demanda-del-gobierno-nacional-contra-jujuy\/","title":{"rendered":"La Corte Suprema deber\u00e1 tramitar la demanda del Gobierno nacional contra Jujuy"},"content":{"rendered":"<p style=\"text-align: center;\"><em><strong>As\u00ed lo dictamin\u00f3 el procurador Eduardo Casal, para quien la presentaci\u00f3n del Poder Ejecutivo contra la provincia es un asunto de competencia del m\u00e1ximo tribunal de Justicia<\/strong><\/em><\/p>\n<p>&nbsp;<\/p>\n<p>&nbsp;<\/p>\n<p>El procurador general interino, Eduardo Casal, resolvi\u00f3 este viernes que le corresponde a la Corte Suprema de Justicia tramitar el planteo judicial del gobierno nacional contra la provincia de Jujuy contra la reforma constitucional que impuls\u00f3 en esa provincia el gobernador Gerardo Morales, candidato a vicepresidente en la f\u00f3rmula que encabeza Horacio Rodr\u00edguez Larreta.<\/p>\n<p>El procurador consider\u00f3 que corresponde la intervenci\u00f3n del m\u00e1ximo \u00f3rgano de Justicia porque es un tema de su competencia originaria por tratarse de una demanda del Estado Nacional contra una provincia.<\/p>\n<p>\u201cEn atenci\u00f3n a la naturaleza de las partes que han de intervenir en el pleito, la causa corresponde a la competencia originaria de la Corte. En efecto, toda vez que el Estado Nacional -que tiene derecho al fuero federal, seg\u00fan lo dispuesto en el art\u00edculo 116 de la Ley Fundamental-, demanda a la provincia de Jujuy -a quien le corresponde la competencia originaria de la Corte, de conformidad con el art\u00edculo 117 de la Constituci\u00f3n Nacional- entiendo que la \u00fanica forma de conciliar ambas prerrogativas jurisdiccionales es sustanciar la demanda en esa instancia (&#8230;), cualquiera sea la materia del pleito\u201d, argument\u00f3 el Procurador.<\/p>\n<p>&nbsp;<\/p>\n<p><strong>Qu\u00e9 reclama el Gobierno a la provincia DDJujuy<\/strong><\/p>\n<p>El Gobierno nacional solicit\u00f3 que la Corte Suprema declarara inconstitucionales varios art\u00edculos de la nueva constituci\u00f3n aprobada en Jujuy, con el argumento de que violan \u201cel orden institucional\u201d y \u201cderechos y garant\u00edas\u201d consagrados en la Constituci\u00f3n Nacional.<\/p>\n<p>Puntualmente, el Poder Ejecutivo cuestion\u00f3 que se haya dispuesto \u201cla prohibici\u00f3n de cortes de calles y cortes de rutas, as\u00ed como toda otra perturbaci\u00f3n al derecho a la libre circulaci\u00f3n de las personas y la ocupaci\u00f3n indebida de edificios p\u00fablicos en la Provincia\u201d. Tambi\u00e9n cuestion\u00f3 que la reforma se hubiera aprobado sin la \u201cdebida y previa consulta a los pueblos originarios interesados\u201d.<\/p>\n<p>En tanto el presidente Alberto Fern\u00e1ndez intervino el Partido Justicialista de la provincia dado que dirigentes de la misma fuerza apoyaron la nueva constituci\u00f3n y demostraron as\u00ed que \u201ccomulgan con un pensamiento totalmente ajeno a los principios y doctrina que fundan el pensamiento justicialista\u201d.<\/p>\n","protected":false},"excerpt":{"rendered":"<p>As\u00ed lo dictamin\u00f3 el procurador Eduardo Casal, para quien la presentaci\u00f3n del Poder Ejecutivo contra la provincia es un asunto de competencia del m\u00e1ximo tribunal de Justicia &nbsp; &nbsp; El procurador general interino, Eduardo Casal, resolvi\u00f3 este viernes que le corresponde a la Corte Suprema de Justicia tramitar el planteo judicial del gobierno nacional contra la provincia de Jujuy contra la reforma constitucional que impuls\u00f3 en esa provincia el gobernador Gerardo Morales, candidato a vicepresidente en la f\u00f3rmula que encabeza Horacio Rodr\u00edguez Larreta. El procurador consider\u00f3 que corresponde la intervenci\u00f3n&#8230;<\/p>\n","protected":false},"author":3,"featured_media":95795,"comment_status":"closed","ping_status":"closed","sticky":false,"template":"","format":"standard","meta":[],"categories":[18],"tags":[],"_links":{"self":[{"href":"https:\/\/www.actualidadadiario.com\/index.php\/wp-json\/wp\/v2\/posts\/105929"}],"collection":[{"href":"https:\/\/www.actualidadadiario.com\/index.php\/wp-json\/wp\/v2\/posts"}],"about":[{"href":"https:\/\/www.actualidadadiario.com\/index.php\/wp-json\/wp\/v2\/types\/post"}],"author":[{"embeddable":true,"href":"https:\/\/www.actualidadadiario.com\/index.php\/wp-json\/wp\/v2\/users\/3"}],"replies":[{"embeddable":true,"href":"https:\/\/www.actualidadadiario.com\/index.php\/wp-json\/wp\/v2\/comments?post=105929"}],"version-history":[{"count":1,"href":"https:\/\/www.actualidadadiario.com\/index.php\/wp-json\/wp\/v2\/posts\/105929\/revisions"}],"predecessor-version":[{"id":105930,"href":"https:\/\/www.actualidadadiario.com\/index.php\/wp-json\/wp\/v2\/posts\/105929\/revisions\/105930"}],"wp:featuredmedia":[{"embeddable":true,"href":"https:\/\/www.actualidadadiario.com\/index.php\/wp-json\/wp\/v2\/media\/95795"}],"wp:attachment":[{"href":"https:\/\/www.actualidadadiario.com\/index.php\/wp-json\/wp\/v2\/media?parent=105929"}],"wp:term":[{"taxonomy":"category","embeddable":true,"href":"https:\/\/www.actualidadadiario.com\/index.php\/wp-json\/wp\/v2\/categories?post=105929"},{"taxonomy":"post_tag","embeddable":true,"href":"https:\/\/www.actualidadadiario.com\/index.php\/wp-json\/wp\/v2\/tags?post=105929"}],"curies":[{"name":"wp","href":"https:\/\/api.w.org\/{rel}","templated":true}]}}