{"id":105927,"date":"2023-08-04T14:31:45","date_gmt":"2023-08-04T17:31:45","guid":{"rendered":"https:\/\/www.actualidadadiario.com\/?p=105927"},"modified":"2023-08-04T14:31:45","modified_gmt":"2023-08-04T17:31:45","slug":"interna-de-jxc-antes-de-las-paso-bullrich-y-larreta-planean-una-nueva-foto-de-unidad","status":"publish","type":"post","link":"https:\/\/www.actualidadadiario.com\/index.php\/2023\/08\/04\/interna-de-jxc-antes-de-las-paso-bullrich-y-larreta-planean-una-nueva-foto-de-unidad\/","title":{"rendered":"Interna de JxC: antes de las PASO, Bullrich y Larreta planean una nueva foto de unidad"},"content":{"rendered":"<p style=\"text-align: center;\"><em><strong>A falta de 9 d\u00edas para las elecciones primarias, los precandidatos presidenciales de Juntos por el Cambio buscan aplacar las tensiones entre las distintas posturas de la coalici\u00f3n<\/strong><\/em><\/p>\n<p>&nbsp;<\/p>\n<p>&nbsp;<\/p>\n<p>A falta de nueve d\u00edas para las elecciones Primarias, Abiertas, Simult\u00e1neas y Obligatorias (PASO), Juntos por el Cambio planea unidad: los precandidatos presidenciales, Patricia Bullrich y Horacio Rodr\u00edguez Larreta, podr\u00edan mostrarse juntos este lunes con el objetivo de disminuir los decibeles de la interna opositora.<\/p>\n<p>La \u00faltima foto de los dirigentes en s\u00edmbolo de unidad se dio el pasado domingo en Trelew, Chubut, despu\u00e9s de la victoria de Ignacio &#8220;Nacho&#8221; Torres, quien venci\u00f3 a Juan Pablo Luque por una diferencia de 1,6% de los votos en el conteo provisorio.<\/p>\n<p>En un acto sin mayores confrontaciones pol\u00edticas ni disensos, tanto Bullrich como Larreta concordaron en bajar los tonos de la interna de cara a las generales del 22 de octubre. &#8220;El 13 (de agosto) lo discutimos con Larreta, pero por ahora tranquilos. Sea quien sea que gane nos comprometemos con Chubut a hacer un acuerdo de gobernabilidad&#8221;, expres\u00f3 la exministra de Seguridad en su discurso dirigido hacia los chubutenses.<\/p>\n<p>Es en este clima que Larreta y Bullrich, seg\u00fan se\u00f1al\u00f3 la agencia de noticias T\u00e9lam, se mostrar\u00e1n juntos el lunes pr\u00f3ximo, por la tarde, junto al precandidato a jefe de Gobierno Jorge Macri durante una actividad de campa\u00f1a en el barrio porte\u00f1o de Belgrano, en la cual tambi\u00e9n participar\u00e1 el expresidente Mauricio Macri.<\/p>\n<p>&nbsp;<\/p>\n<p><strong>Elecciones 2023 en Juntos por el Cambio: contin\u00faan las recorridas electorales<\/strong><\/p>\n<p>Ambos dirigentes continuar\u00e1n sus recorridas electorales durante este fin de semana. En el caso de Larreta, este viernes estar\u00e1 en C\u00f3rdoba y visitar\u00e1 las localidades de Marcos Ju\u00e1rez, San Francisco, Arroyito y la capital provincial.<\/p>\n<p>Ma\u00f1ana, en tanto, el jefe de Gobierno de la Ciudad de Buenos Aires har\u00e1 campa\u00f1a en la provincia de Santa Fe, con visitas a las ciudades de Rafaela, San Crist\u00f3bal y Reconquista.<\/p>\n<p>Patricia Bullrich estar\u00e1 este mediod\u00eda en Mar del Plata, donde realizar\u00e1 una actividad de campa\u00f1a junto a su candidato a gobernador bonaerense, N\u00e9stor Grindetti. Adem\u00e1s, la titular del PRO llevar\u00e1 a cabo este s\u00e1bado una caravana proselitista que recorrer\u00e1 La Matanza.<\/p>\n<p>Ambos har\u00e1n una recorrida por las calles marplatenses y luego confluir\u00e1n en un acto en la llamada Plaza del Agua, junto al intendente local, Guillermo Montenegro.<\/p>\n","protected":false},"excerpt":{"rendered":"<p>A falta de 9 d\u00edas para las elecciones primarias, los precandidatos presidenciales de Juntos por el Cambio buscan aplacar las tensiones entre las distintas posturas de la coalici\u00f3n &nbsp; &nbsp; A falta de nueve d\u00edas para las elecciones Primarias, Abiertas, Simult\u00e1neas y Obligatorias (PASO), Juntos por el Cambio planea unidad: los precandidatos presidenciales, Patricia Bullrich y Horacio Rodr\u00edguez Larreta, podr\u00edan mostrarse juntos este lunes con el objetivo de disminuir los decibeles de la interna opositora. La \u00faltima foto de los dirigentes en s\u00edmbolo de unidad se dio el pasado domingo&#8230;<\/p>\n","protected":false},"author":3,"featured_media":104299,"comment_status":"closed","ping_status":"closed","sticky":false,"template":"","format":"standard","meta":[],"categories":[18],"tags":[],"_links":{"self":[{"href":"https:\/\/www.actualidadadiario.com\/index.php\/wp-json\/wp\/v2\/posts\/105927"}],"collection":[{"href":"https:\/\/www.actualidadadiario.com\/index.php\/wp-json\/wp\/v2\/posts"}],"about":[{"href":"https:\/\/www.actualidadadiario.com\/index.php\/wp-json\/wp\/v2\/types\/post"}],"author":[{"embeddable":true,"href":"https:\/\/www.actualidadadiario.com\/index.php\/wp-json\/wp\/v2\/users\/3"}],"replies":[{"embeddable":true,"href":"https:\/\/www.actualidadadiario.com\/index.php\/wp-json\/wp\/v2\/comments?post=105927"}],"version-history":[{"count":1,"href":"https:\/\/www.actualidadadiario.com\/index.php\/wp-json\/wp\/v2\/posts\/105927\/revisions"}],"predecessor-version":[{"id":105928,"href":"https:\/\/www.actualidadadiario.com\/index.php\/wp-json\/wp\/v2\/posts\/105927\/revisions\/105928"}],"wp:featuredmedia":[{"embeddable":true,"href":"https:\/\/www.actualidadadiario.com\/index.php\/wp-json\/wp\/v2\/media\/104299"}],"wp:attachment":[{"href":"https:\/\/www.actualidadadiario.com\/index.php\/wp-json\/wp\/v2\/media?parent=105927"}],"wp:term":[{"taxonomy":"category","embeddable":true,"href":"https:\/\/www.actualidadadiario.com\/index.php\/wp-json\/wp\/v2\/categories?post=105927"},{"taxonomy":"post_tag","embeddable":true,"href":"https:\/\/www.actualidadadiario.com\/index.php\/wp-json\/wp\/v2\/tags?post=105927"}],"curies":[{"name":"wp","href":"https:\/\/api.w.org\/{rel}","templated":true}]}}