{"id":105922,"date":"2023-08-04T13:39:18","date_gmt":"2023-08-04T16:39:18","guid":{"rendered":"https:\/\/www.actualidadadiario.com\/?p=105922"},"modified":"2023-08-04T13:39:18","modified_gmt":"2023-08-04T16:39:18","slug":"a-9-dias-de-las-paso-una-encuesta-ubica-a-massa-como-el-mas-votado-y-bullrich-se-impone-en-la-interna-de-jxc","status":"publish","type":"post","link":"https:\/\/www.actualidadadiario.com\/index.php\/2023\/08\/04\/a-9-dias-de-las-paso-una-encuesta-ubica-a-massa-como-el-mas-votado-y-bullrich-se-impone-en-la-interna-de-jxc\/","title":{"rendered":"A 9 d\u00edas de las PASO, una encuesta ubica a Massa como el m\u00e1s votado y Bullrich se impone en la interna de JxC"},"content":{"rendered":"<p style=\"text-align: center;\"><em><strong>El relevamiento publicado por la consultora &#8216;Circuitos&#8217; examina el escenario previo a las Primarias, con \u00e9nfasis en un electorado &#8220;preocupado&#8221; por la situaci\u00f3n econ\u00f3mica<\/strong><\/em><\/p>\n<p>&nbsp;<\/p>\n<p>&nbsp;<\/p>\n<p>Un sondeo de opini\u00f3n elaborado por la consultora &#8216;Circuitos&#8217; analiz\u00f3 c\u00f3mo se posicionan los precandidatos de cada espacio pol\u00edtico que competir\u00e1n el domingo 13 de agosto en las PASO. La f\u00f3rmula de Uni\u00f3n por la Patria integrada por Sergio Massa y Agust\u00edn Rossi lidera el ranking en intenci\u00f3n de voto. Por el lado de Juntos por el Cambio, Patricia Bullrich &#8216;sorprendi\u00f3&#8217; con una diferencia significativa por encima de su rival en la interna, el precandidato Horacio Rodr\u00edguez Larreta. A su vez, la mayor\u00eda de los encuestados defini\u00f3 la situaci\u00f3n econ\u00f3mica como &#8216;muy mala&#8217; y cerca de la mitad manifest\u00f3 que incluso podr\u00eda agravarse en los pr\u00f3ximos meses.<\/p>\n<p>Se trata de un estudio cuantitativo efectuado sobre una muestra heterog\u00e9nea integrada por ciudadanos a partir de los 16 a\u00f1os y en condiciones de votar, distribuidos en 7 conglomerados del pa\u00eds que se agruparon de la siguiente manera: Provincia de Buenos Aires; Ciudad Aut\u00f3noma de Buenos Aires; C\u00f3rdoba y Santa Fe; La Pampa, Mendoza, San Juan, San Lu\u00eds y La Rioja; Catamarca, Chaco, Tucum\u00e1n, Jujuy, Salta, Santiago del Estero y Formosa; Misiones, Corrientes y Entre R\u00edos; y R\u00edo Negro, Neuqu\u00e9n, Chubut, Santa Cruz y Tierra del Fuego.<\/p>\n<p>&nbsp;<\/p>\n<p><strong>Las f\u00f3rmulas que ser\u00edan m\u00e1s votadas en las PASO<\/strong><\/p>\n<p>La mayor\u00eda de los encuestados (25,3%) indic\u00f3 que votar\u00eda la dupla de Sergio Massa y Agust\u00edn Rossi. En funci\u00f3n de dichos datos, el titular de Econom\u00eda se impondr\u00eda c\u00f3modamente frente a la f\u00f3rmula integrada por Juan Grabois y Paula Abal Medina, que cosecharon un exiguo 4,8%, de acuerdo con el sondeo.<\/p>\n<p>La segunda f\u00f3rmula m\u00e1s votada, seg\u00fan el estudio, ser\u00eda la de Patricia Bullrich y Luis Petri, que obtuvieron el apoyo del 20,9% de los encuestados.<\/p>\n<p>El jefe de gobierno porte\u00f1o y precandidato presidencial, Horacio Rodr\u00edguez Larreta, y su compa\u00f1ero de f\u00f3rmula Gerardo Morales se posicionaron en tercer lugar, respaldados por el 13,9% de la muestra.<\/p>\n<p>El 16.7% se inclin\u00f3 por la f\u00f3rmula Javier Milei y Victoria Villarruel.<\/p>\n<p>&nbsp;<\/p>\n<p><strong>El resto de las agrupaciones pol\u00edticas alcanz\u00f3 porcentajes m\u00ednimos en t\u00e9rminos de intenci\u00f3n de voto:<\/strong><\/p>\n<p>&#8211; Juan Schiaretti-Florencio Randazzo: 1,9%.<\/p>\n<p>&#8211; Guillermo Moreno-Leonardo Fabre: 2,2%.<\/p>\n<p>&#8211; Myriam Bregman-Nicol\u00e1s Del Ca\u00f1o: 2,1%.<\/p>\n<p>&#8211; Gabriel Solano-Vilma Ripoll: 1,6%.<\/p>\n<p>&#8211; Santiago C\u00faneo-Gustavo Barranco: 1,8%.<\/p>\n<p>&nbsp;<\/p>\n<p><strong>Desglose por cada agrupaci\u00f3n pol\u00edtica<\/strong><\/p>\n<p>Frente a la interrogaci\u00f3n &#8220;\u00bfEn qu\u00e9 primaria votar\u00eda?&#8221;, Juntos por el Cambio obtuvo una ventaja de 5 puntos sobre el oficialismo (35,8% sobre 30,9%), mientras que La Libertad Avanza se ubic\u00f3 como la tercera fuerza pol\u00edtica m\u00e1s votada, con el 14.9% de los votos de la muestra.<\/p>\n<p>El Frente de Izquierda recibi\u00f3 el 3.1% de los votos.<\/p>\n<p>Las agrupaciones menos votadas seg\u00fan el relevamiento de &#8216;Circuitos&#8217; ser\u00edan Hacemos por Nuestro Pa\u00eds (2.6%) y Principios y Valores (1,8%).<\/p>\n<p>&nbsp;<\/p>\n<p><strong>Posibles escenarios de la interna de UxP, JxC y la izquierda<\/strong><\/p>\n<p>Los encuestados tambi\u00e9n fueron sondeados por su precandidato favorito de cara a las PASO.<\/p>\n<p>En el caso de Uni\u00f3n por la Patria, Sergio Massa le ganar\u00eda la interna a Juan Grabois por una diferencia significativa: 82.3% de los votos para el tigrense y 15.2% para el referente cercano a Cristina Kirchner.<\/p>\n<p>La interna protagonizada por Patricia Bullrich y Horacio Rodr\u00edguez Larreta se resolver\u00eda, seg\u00fan el estudio, a favor de la ex ministra de Seguridad, con una cifra del 60.6% contra 36.3% del jefe de gobierno porte\u00f1o.<\/p>\n<p>Por otro lado, la f\u00f3rmula de Myriam Bregman se impondr\u00eda (con 48.2% de los votos de la muestra) en la interna con Gabriel Solano (42.4%).<\/p>\n<p>&nbsp;<\/p>\n<p><strong>Incertidumbre, pesimismo y contexto econ\u00f3mico previo a las PASO<\/strong><\/p>\n<p>El estudio cuantitativo llevado a cabo por la consultora &#8216;Circuitos&#8217; tambi\u00e9n indag\u00f3 el humor social predominante en la ciudadan\u00eda en el contexto previo a las PASO.<\/p>\n<p>A la hora de evaluar la situaci\u00f3n econ\u00f3mica del pa\u00eds, la mayor\u00eda (38,3%) consider\u00f3 que es &#8216;muy mala&#8217;.<\/p>\n<p>El 27,6% respondi\u00f3 &#8216;mala&#8217;, el 14,5% dijo que es &#8216;regular&#8217;, el 12.7% de los encuestados afirm\u00f3 que es &#8216;buena&#8217; y una minor\u00eda del 5,2% contest\u00f3 &#8216;muy buena&#8217;.<\/p>\n<p>Asimismo, casi la mitad de la muestra opin\u00f3 que la situaci\u00f3n econ\u00f3mica podr\u00eda empeorar en los pr\u00f3ximos meses. Solo el 22.6% plante\u00f3 que la econom\u00eda podr\u00eda mejorar, mientras que el 21.1% sostuvo que se mantendr\u00eda &#8216;igual&#8217;.<\/p>\n<p>En cuanto al estado de \u00e1nimo con respecto al futuro, el 31.8% habl\u00f3 de sensaciones de &#8216;incertidumbre&#8217;, el 29% se expres\u00f3 con &#8216;pesimismo&#8217; y el 22.8% mostr\u00f3 &#8216;optimismo&#8217;.<\/p>\n","protected":false},"excerpt":{"rendered":"<p>El relevamiento publicado por la consultora &#8216;Circuitos&#8217; examina el escenario previo a las Primarias, con \u00e9nfasis en un electorado &#8220;preocupado&#8221; por la situaci\u00f3n econ\u00f3mica &nbsp; &nbsp; Un sondeo de opini\u00f3n elaborado por la consultora &#8216;Circuitos&#8217; analiz\u00f3 c\u00f3mo se posicionan los precandidatos de cada espacio pol\u00edtico que competir\u00e1n el domingo 13 de agosto en las PASO. La f\u00f3rmula de Uni\u00f3n por la Patria integrada por Sergio Massa y Agust\u00edn Rossi lidera el ranking en intenci\u00f3n de voto. Por el lado de Juntos por el Cambio, Patricia Bullrich &#8216;sorprendi\u00f3&#8217; con una diferencia&#8230;<\/p>\n","protected":false},"author":3,"featured_media":105923,"comment_status":"closed","ping_status":"closed","sticky":false,"template":"","format":"standard","meta":[],"categories":[18],"tags":[],"_links":{"self":[{"href":"https:\/\/www.actualidadadiario.com\/index.php\/wp-json\/wp\/v2\/posts\/105922"}],"collection":[{"href":"https:\/\/www.actualidadadiario.com\/index.php\/wp-json\/wp\/v2\/posts"}],"about":[{"href":"https:\/\/www.actualidadadiario.com\/index.php\/wp-json\/wp\/v2\/types\/post"}],"author":[{"embeddable":true,"href":"https:\/\/www.actualidadadiario.com\/index.php\/wp-json\/wp\/v2\/users\/3"}],"replies":[{"embeddable":true,"href":"https:\/\/www.actualidadadiario.com\/index.php\/wp-json\/wp\/v2\/comments?post=105922"}],"version-history":[{"count":1,"href":"https:\/\/www.actualidadadiario.com\/index.php\/wp-json\/wp\/v2\/posts\/105922\/revisions"}],"predecessor-version":[{"id":105924,"href":"https:\/\/www.actualidadadiario.com\/index.php\/wp-json\/wp\/v2\/posts\/105922\/revisions\/105924"}],"wp:featuredmedia":[{"embeddable":true,"href":"https:\/\/www.actualidadadiario.com\/index.php\/wp-json\/wp\/v2\/media\/105923"}],"wp:attachment":[{"href":"https:\/\/www.actualidadadiario.com\/index.php\/wp-json\/wp\/v2\/media?parent=105922"}],"wp:term":[{"taxonomy":"category","embeddable":true,"href":"https:\/\/www.actualidadadiario.com\/index.php\/wp-json\/wp\/v2\/categories?post=105922"},{"taxonomy":"post_tag","embeddable":true,"href":"https:\/\/www.actualidadadiario.com\/index.php\/wp-json\/wp\/v2\/tags?post=105922"}],"curies":[{"name":"wp","href":"https:\/\/api.w.org\/{rel}","templated":true}]}}