{"id":105920,"date":"2023-08-04T13:34:17","date_gmt":"2023-08-04T16:34:17","guid":{"rendered":"https:\/\/www.actualidadadiario.com\/?p=105920"},"modified":"2023-08-04T13:34:17","modified_gmt":"2023-08-04T16:34:17","slug":"cuando-comienza-la-veda-electoral-por-las-paso","status":"publish","type":"post","link":"https:\/\/www.actualidadadiario.com\/index.php\/2023\/08\/04\/cuando-comienza-la-veda-electoral-por-las-paso\/","title":{"rendered":"Cu\u00e1ndo comienza la veda electoral por las PASO"},"content":{"rendered":"<p style=\"text-align: center;\"><em><strong>Todos los detalles de la veda electoral de cara a las PASO 2023 del pr\u00f3ximo 13 de agosto. Qu\u00e9 se puede hacer y qu\u00e9 no<\/strong><\/em><\/p>\n<p>&nbsp;<\/p>\n<p>&nbsp;<\/p>\n<p>El pr\u00f3ximo domingo 13 de agosto se llevar\u00e1n a cabo las Primarias Abiertas, Simult\u00e1neas y Obligatorias (PASO) en todo el pa\u00eds para elegir los candidatos a presidente para las elecciones generales de octubre, por lo que como siempre habr\u00e1 veda electoral.<\/p>\n<p>&nbsp;<\/p>\n<p><strong>Cu\u00e1ndo comienza la veda electoral<\/strong><\/p>\n<p>La veda electoral por las PASO 2023 comenzar\u00e1 a las 8 de la ma\u00f1ana del viernes 11 de agosto. A partir de ese momento se prohibir\u00e1 el reparto de boletas y las actividades proselitistas, entre otras actividades.<\/p>\n<p>Desde entonces y hasta las 21 del domingo 13 de agosto, tres horas despu\u00e9s de la finalizaci\u00f3n de los comicios, hay una serie de actividades que quedan prohibidas.<\/p>\n<p>&nbsp;<\/p>\n<p><strong>Cu\u00e1ndo termina la veda electoral<\/strong><\/p>\n<p>La veda electoral durar\u00e1 todo el fin de semana (viernes y s\u00e1bado incluido), y se levantar\u00e1 a las 21 horas del domingo 13 de agosto, tres horas despu\u00e9s de que hayan cerrado los centros de votaci\u00f3n por las PASO.<\/p>\n<p>&nbsp;<\/p>\n<p><strong>Veda electoral: qu\u00e9 se puede hacer y qu\u00e9 no<\/strong><\/p>\n<p>Seg\u00fan consta en el sitio Argentina.gob.ar:<\/p>\n<ul>\n<li>Se proh\u00edbe realizar actos p\u00fablicos de campa\u00f1a<\/li>\n<li>Se proh\u00edbe el proselitismo electoral incluidos los avisos publicitarios y el reparto de boletas y la apertura y funcionamiento de locales partidarios<\/li>\n<li>Tambi\u00e9n se proh\u00edben posteos en redes sociales y la actividad online destinada a promover el voto de un candidato en particular.<\/li>\n<li>Se proh\u00edbe la publicaci\u00f3n y difusi\u00f3n de resultados de encuestas o sondeos preelectorales, una medida que estar\u00e1 vigente hasta las 22 del domingo.<\/li>\n<li>La venta de bebidas alcoh\u00f3licas quedar\u00e1 restringida a partir de las 20 del s\u00e1bado.<\/li>\n<li>La portaci\u00f3n de armas est\u00e1 prohibida durante la veda electoral<\/li>\n<li>Se proh\u00edben los espect\u00e1culos populares al aire libre o en recintos cerrados, fiestas teatrales, deportivas y toda clase de reuniones p\u00fablicas que no se refieran al acto electoral.<\/li>\n<\/ul>\n","protected":false},"excerpt":{"rendered":"<p>Todos los detalles de la veda electoral de cara a las PASO 2023 del pr\u00f3ximo 13 de agosto. Qu\u00e9 se puede hacer y qu\u00e9 no &nbsp; &nbsp; El pr\u00f3ximo domingo 13 de agosto se llevar\u00e1n a cabo las Primarias Abiertas, Simult\u00e1neas y Obligatorias (PASO) en todo el pa\u00eds para elegir los candidatos a presidente para las elecciones generales de octubre, por lo que como siempre habr\u00e1 veda electoral. &nbsp; Cu\u00e1ndo comienza la veda electoral La veda electoral por las PASO 2023 comenzar\u00e1 a las 8 de la ma\u00f1ana del viernes&#8230;<\/p>\n","protected":false},"author":3,"featured_media":79568,"comment_status":"closed","ping_status":"closed","sticky":false,"template":"","format":"standard","meta":[],"categories":[18],"tags":[],"_links":{"self":[{"href":"https:\/\/www.actualidadadiario.com\/index.php\/wp-json\/wp\/v2\/posts\/105920"}],"collection":[{"href":"https:\/\/www.actualidadadiario.com\/index.php\/wp-json\/wp\/v2\/posts"}],"about":[{"href":"https:\/\/www.actualidadadiario.com\/index.php\/wp-json\/wp\/v2\/types\/post"}],"author":[{"embeddable":true,"href":"https:\/\/www.actualidadadiario.com\/index.php\/wp-json\/wp\/v2\/users\/3"}],"replies":[{"embeddable":true,"href":"https:\/\/www.actualidadadiario.com\/index.php\/wp-json\/wp\/v2\/comments?post=105920"}],"version-history":[{"count":1,"href":"https:\/\/www.actualidadadiario.com\/index.php\/wp-json\/wp\/v2\/posts\/105920\/revisions"}],"predecessor-version":[{"id":105921,"href":"https:\/\/www.actualidadadiario.com\/index.php\/wp-json\/wp\/v2\/posts\/105920\/revisions\/105921"}],"wp:featuredmedia":[{"embeddable":true,"href":"https:\/\/www.actualidadadiario.com\/index.php\/wp-json\/wp\/v2\/media\/79568"}],"wp:attachment":[{"href":"https:\/\/www.actualidadadiario.com\/index.php\/wp-json\/wp\/v2\/media?parent=105920"}],"wp:term":[{"taxonomy":"category","embeddable":true,"href":"https:\/\/www.actualidadadiario.com\/index.php\/wp-json\/wp\/v2\/categories?post=105920"},{"taxonomy":"post_tag","embeddable":true,"href":"https:\/\/www.actualidadadiario.com\/index.php\/wp-json\/wp\/v2\/tags?post=105920"}],"curies":[{"name":"wp","href":"https:\/\/api.w.org\/{rel}","templated":true}]}}