{"id":105913,"date":"2023-08-04T13:23:58","date_gmt":"2023-08-04T16:23:58","guid":{"rendered":"https:\/\/www.actualidadadiario.com\/?p=105913"},"modified":"2023-08-04T13:23:58","modified_gmt":"2023-08-04T16:23:58","slug":"donde-voto-consulta-el-padron-electoral-para-las-elecciones-2023-9","status":"publish","type":"post","link":"https:\/\/www.actualidadadiario.com\/index.php\/2023\/08\/04\/donde-voto-consulta-el-padron-electoral-para-las-elecciones-2023-9\/","title":{"rendered":"D\u00f3nde voto: consult\u00e1 el padr\u00f3n electoral para las elecciones 2023"},"content":{"rendered":"<p style=\"text-align: center;\"><em><strong>En qu\u00e9 establecimiento y mesa deber\u00e1n emitir sufragio los argentinos el domingo 13 de agosto en las PASO<\/strong><\/em><\/p>\n<p>&nbsp;<\/p>\n<p>&nbsp;<\/p>\n<p>La C\u00e1mara Nacional Electoral (CNE) public\u00f3 el padr\u00f3n definitivo para que los ciudadanos puedan ver en qu\u00e9 establecimiento y mesa deber\u00e1n votar el domingo 13 de agosto en las elecciones Primarias, Abiertas, Simult\u00e1neas y Obligatorias (PASO).<\/p>\n<p>De cara a los comicios, la C\u00e1mara Nacional Electoral puso a disposici\u00f3n el padr\u00f3n definitivo para los comicios en los que\u00a0 se definir\u00e1n los candidatos a competir en octubre por la Presidencia, el Parlasur y bancas en la C\u00e1mara de Diputados y en algunas provincias tambi\u00e9n en el Senado.<\/p>\n<p>La ciudadan\u00eda en condiciones de votar podr\u00e1 consultar los datos de lugar y mesa de votaci\u00f3n previstos para las PASO del 13 de agosto. El padr\u00f3n definitivo se podr\u00e1 consultar en el sitio web www.electoral.gob.ar y en www.padron.gob.ar.<\/p>\n<p>Para ello, el elector debe introducir en el sistema su n\u00famero de documento, g\u00e9nero, distrito donde vota e ingresar un c\u00f3digo verificador. A partir de esos datos, el ciudadano conocer\u00e1 el establecimiento y la mesa en que debe sufragar.<\/p>\n<p>El m\u00e1ximo tribunal electoral remarc\u00f3 que a la hora de votar el ejemplar del documento debe ser igual o posterior al figura en el padr\u00f3n y aclar\u00f3 que el &#8220;DNI en tu celular&#8221; no es v\u00e1lido para votar.<\/p>\n<p>Un total de 35.394.425 ciudadanos integran el padr\u00f3n electoral para las elecciones nacionales y la Provincia de Buenos Aires concentra el 37,04% del electorado.<\/p>\n<p>El cronograma electoral establece que el 13 de agosto se llevar\u00e1n a cabo las Primarias Abiertas, Simult\u00e1neas y Obligatorias (PASO), mientras que las generales se har\u00e1n el 22 de octubre: si en la elecci\u00f3n presidencial no llega a haber un ganador de acuerdo a lo que establece el C\u00f3digo Electoral, la segunda vuelta est\u00e1 fijada para el 19 de noviembre.<\/p>\n","protected":false},"excerpt":{"rendered":"<p>En qu\u00e9 establecimiento y mesa deber\u00e1n emitir sufragio los argentinos el domingo 13 de agosto en las PASO &nbsp; &nbsp; La C\u00e1mara Nacional Electoral (CNE) public\u00f3 el padr\u00f3n definitivo para que los ciudadanos puedan ver en qu\u00e9 establecimiento y mesa deber\u00e1n votar el domingo 13 de agosto en las elecciones Primarias, Abiertas, Simult\u00e1neas y Obligatorias (PASO). De cara a los comicios, la C\u00e1mara Nacional Electoral puso a disposici\u00f3n el padr\u00f3n definitivo para los comicios en los que\u00a0 se definir\u00e1n los candidatos a competir en octubre por la Presidencia, el Parlasur&#8230;<\/p>\n","protected":false},"author":3,"featured_media":101367,"comment_status":"closed","ping_status":"closed","sticky":false,"template":"","format":"standard","meta":[],"categories":[9],"tags":[],"_links":{"self":[{"href":"https:\/\/www.actualidadadiario.com\/index.php\/wp-json\/wp\/v2\/posts\/105913"}],"collection":[{"href":"https:\/\/www.actualidadadiario.com\/index.php\/wp-json\/wp\/v2\/posts"}],"about":[{"href":"https:\/\/www.actualidadadiario.com\/index.php\/wp-json\/wp\/v2\/types\/post"}],"author":[{"embeddable":true,"href":"https:\/\/www.actualidadadiario.com\/index.php\/wp-json\/wp\/v2\/users\/3"}],"replies":[{"embeddable":true,"href":"https:\/\/www.actualidadadiario.com\/index.php\/wp-json\/wp\/v2\/comments?post=105913"}],"version-history":[{"count":1,"href":"https:\/\/www.actualidadadiario.com\/index.php\/wp-json\/wp\/v2\/posts\/105913\/revisions"}],"predecessor-version":[{"id":105914,"href":"https:\/\/www.actualidadadiario.com\/index.php\/wp-json\/wp\/v2\/posts\/105913\/revisions\/105914"}],"wp:featuredmedia":[{"embeddable":true,"href":"https:\/\/www.actualidadadiario.com\/index.php\/wp-json\/wp\/v2\/media\/101367"}],"wp:attachment":[{"href":"https:\/\/www.actualidadadiario.com\/index.php\/wp-json\/wp\/v2\/media?parent=105913"}],"wp:term":[{"taxonomy":"category","embeddable":true,"href":"https:\/\/www.actualidadadiario.com\/index.php\/wp-json\/wp\/v2\/categories?post=105913"},{"taxonomy":"post_tag","embeddable":true,"href":"https:\/\/www.actualidadadiario.com\/index.php\/wp-json\/wp\/v2\/tags?post=105913"}],"curies":[{"name":"wp","href":"https:\/\/api.w.org\/{rel}","templated":true}]}}