{"id":10589,"date":"2017-04-26T09:30:35","date_gmt":"2017-04-26T12:30:35","guid":{"rendered":"http:\/\/actualidadadiario.com\/site\/?p=10589"},"modified":"2017-04-26T09:30:35","modified_gmt":"2017-04-26T12:30:35","slug":"ordenan-excluir-la-firma-de-frigerio-de-los-nuevos-dni","status":"publish","type":"post","link":"https:\/\/www.actualidadadiario.com\/index.php\/2017\/04\/26\/ordenan-excluir-la-firma-de-frigerio-de-los-nuevos-dni\/","title":{"rendered":"Ordenan excluir la firma de Frigerio de los nuevos DNI"},"content":{"rendered":"<p><em><strong>La Oficina Anticorrupci\u00f3n (OA) orden\u00f3 al Registro Nacional de las Personas (RENAPER) que se excluya el nombre del ministro del Interior del material de difusi\u00f3n que acompa\u00f1an a los nuevos DNI<\/strong><\/em><\/p>\n<p>&nbsp;<\/p>\n<p>&nbsp;<\/p>\n<p>&nbsp;<\/p>\n<p>&nbsp;<\/p>\n<p>Desde la Oficina Anticorrupci\u00f3n indicaron que la resoluci\u00f3n se tom\u00f3 luego que el organismo que conduce Laura Alonso recibiera una denuncia presentada por la ONG &#8220;Ciudadanos Libres&#8221;.<\/p>\n<p>&nbsp;<\/p>\n<p>No obstante, Laura Alonso, titular de la OA, responsabiliz\u00f3 al titular del RENAPER, Juan Jos\u00e9 D&#8217;Amico por la situaci\u00f3n y deslig\u00f3 responsabilidades de Frigerio, porque -indic\u00f3- la inclusi\u00f3n de su firma &#8220;no es una decisi\u00f3n del ministro&#8221;.<\/p>\n<p>&nbsp;<\/p>\n<p>Por su parte, el titular del RENAPER Juan Jos\u00e9 D&#8217; Amico indic\u00f3 que el organismo mantuvo las modalidades de dise\u00f1o de la gesti\u00f3n anterior, a cargo de Florencio Randazzo.<\/p>\n<p>&nbsp;<\/p>\n<p>A trav\u00e9s de un comunicado, la titular de la OA asegur\u00f3 que &#8220;no corresponde en folleter\u00eda o publicidad oficial poner el nombre de un funcionario&#8221;. En ese sentido, la oficina determin\u00f3 que el material actual distribuido por el RENAPER &#8220;no se adec\u00faa al art\u00edculo 42 de la Ley 25.188 de \u00c9tica P\u00fablica&#8221;.<\/p>\n<p>&nbsp;<\/p>\n<p>La norma estableces que &#8220;la publicidad de los actos, programas, obras, servicios y campa\u00f1as de los \u00f3rganos p\u00fablicos deber\u00e1 tener car\u00e1cter educativo, informativo o de orientaci\u00f3n social, no pudiendo constar en ella, nombres, s\u00edmbolos o im\u00e1genes que supongan promoci\u00f3n personal de las autoridades o funcionarios p\u00fablicos&#8221;.<\/p>\n","protected":false},"excerpt":{"rendered":"<p>La Oficina Anticorrupci\u00f3n (OA) orden\u00f3 al Registro Nacional de las Personas (RENAPER) que se excluya el nombre del ministro del Interior del material de difusi\u00f3n que acompa\u00f1an a los nuevos DNI &nbsp; &nbsp; &nbsp; &nbsp; Desde la Oficina Anticorrupci\u00f3n indicaron que la resoluci\u00f3n se tom\u00f3 luego que el organismo que conduce Laura Alonso recibiera una denuncia presentada por la ONG &#8220;Ciudadanos Libres&#8221;. &nbsp; No obstante, Laura Alonso, titular de la OA, responsabiliz\u00f3 al titular del RENAPER, Juan Jos\u00e9 D&#8217;Amico por la situaci\u00f3n y deslig\u00f3 responsabilidades de Frigerio, porque -indic\u00f3- la&#8230;<\/p>\n","protected":false},"author":3,"featured_media":10590,"comment_status":"closed","ping_status":"closed","sticky":false,"template":"","format":"standard","meta":[],"categories":[18],"tags":[],"_links":{"self":[{"href":"https:\/\/www.actualidadadiario.com\/index.php\/wp-json\/wp\/v2\/posts\/10589"}],"collection":[{"href":"https:\/\/www.actualidadadiario.com\/index.php\/wp-json\/wp\/v2\/posts"}],"about":[{"href":"https:\/\/www.actualidadadiario.com\/index.php\/wp-json\/wp\/v2\/types\/post"}],"author":[{"embeddable":true,"href":"https:\/\/www.actualidadadiario.com\/index.php\/wp-json\/wp\/v2\/users\/3"}],"replies":[{"embeddable":true,"href":"https:\/\/www.actualidadadiario.com\/index.php\/wp-json\/wp\/v2\/comments?post=10589"}],"version-history":[{"count":1,"href":"https:\/\/www.actualidadadiario.com\/index.php\/wp-json\/wp\/v2\/posts\/10589\/revisions"}],"predecessor-version":[{"id":10591,"href":"https:\/\/www.actualidadadiario.com\/index.php\/wp-json\/wp\/v2\/posts\/10589\/revisions\/10591"}],"wp:featuredmedia":[{"embeddable":true,"href":"https:\/\/www.actualidadadiario.com\/index.php\/wp-json\/wp\/v2\/media\/10590"}],"wp:attachment":[{"href":"https:\/\/www.actualidadadiario.com\/index.php\/wp-json\/wp\/v2\/media?parent=10589"}],"wp:term":[{"taxonomy":"category","embeddable":true,"href":"https:\/\/www.actualidadadiario.com\/index.php\/wp-json\/wp\/v2\/categories?post=10589"},{"taxonomy":"post_tag","embeddable":true,"href":"https:\/\/www.actualidadadiario.com\/index.php\/wp-json\/wp\/v2\/tags?post=10589"}],"curies":[{"name":"wp","href":"https:\/\/api.w.org\/{rel}","templated":true}]}}