{"id":105847,"date":"2023-08-03T14:00:49","date_gmt":"2023-08-03T17:00:49","guid":{"rendered":"https:\/\/www.actualidadadiario.com\/?p=105847"},"modified":"2023-08-03T14:00:49","modified_gmt":"2023-08-03T17:00:49","slug":"cerruti-las-propuestas-de-la-oposicion-nos-remiten-al-peor-momento-de-la-argentina","status":"publish","type":"post","link":"https:\/\/www.actualidadadiario.com\/index.php\/2023\/08\/03\/cerruti-las-propuestas-de-la-oposicion-nos-remiten-al-peor-momento-de-la-argentina\/","title":{"rendered":"Cerruti: &#8220;Las propuestas de la oposici\u00f3n nos remiten al peor momento de la Argentina&#8221;"},"content":{"rendered":"<p style=\"text-align: center;\"><em><strong>A 10 d\u00edas de las PASO, la vocera presidencial apunt\u00f3 contra los precandidatos presidenciales opositores y sus propuestas de gobiernos como el de &#8220;Alianza y del macrismo, donde gobernaron con ideas que llenan de profunda preocupaci\u00f3n&#8221;<\/strong><\/em><\/p>\n<p>&nbsp;<\/p>\n<p>&nbsp;<\/p>\n<p>De cara a estas elecciones, la portavoz presidencial, Gabriela Cerruti, apunt\u00f3 contra los candidatos de Juntos por el Cambio y record\u00f3 que son los mismos funcionarios que fueron parte del gobierno de la Alianza que llev\u00f3 al pa\u00eds a la peor crisis de 2001.<\/p>\n<p>\u201cNosotros estamos escuchando como propuestas de la oposici\u00f3n que nos remiten al peor momento de la Argentina a las que nos llevaron a la crisis del 2001 donde muchos de quienes hoy son candidatos de la oposici\u00f3n fueron gobierno. Pero tambi\u00e9n al gobierno de Mauricio Macri\u201d, advirti\u00f3 la funcionaria durante su habitual conferencia de prensa de los jueves en la Casa Rosada.<\/p>\n<p>Y remarc\u00f3 que, entre sus propuestas, los dirigentes opositores &#8220;dicen que van a privatizar las empresas de nuevo para que unos pocos se lleven el dinero de los argentinos y no funcionen&#8221;. &#8220;Estas propuestas nos llevan al peor momento de Alianza y del macrismo, los dos momentos donde gobernaron quienes hoy se presentan con ideas que nos llenan de profunda preocupaci\u00f3n, pero sabemos que los ciudadanos no quieren volver a ese pasado y no van a elegir esas propuestas&#8221;, consider\u00f3.<\/p>\n<p>La funcionaria se refiri\u00f3 as\u00ed, entre otras cuestiones, a declaraciones del exministro de Industria del macrismo Dante Sica, quien asegur\u00f3 que si Bullrich llega a la Presidencia buscar\u00e1 \u201csuspender temporalmente el concepto de ultraactividad para que todos los convenios colectivos de trabajo se modernicen\u201d.<\/p>\n<p>El mi\u00e9rcoles, en di\u00e1logo con Radio con Vos, Sica dijo que &#8220;hay que modernizar&#8221; los convenios colectivos de trabajo porque &#8220;el 50% son de antes de 1980\u201d, para lo cual propuso &#8220;suspender temporalmente el concepto de ultraactividad para hacer que todos los convenios colectivos vuelvan ponerse en condiciones modernas&#8221;.<\/p>\n<p>Respecto a la gesti\u00f3n del ministro de Econom\u00eda, Sergio Massa, de quien se cumple un a\u00f1o de su asunci\u00f3n al cargo, Cerruti destac\u00f3 que &#8220;todos los \u00edndices econ\u00f3micos han mejorado&#8221;, aunque se\u00f1al\u00f3 que en el gobierno se reconoce que la inflaci\u00f3n es &#8220;un problema para la enorme mayor\u00eda de la gente&#8221;, y que es &#8220;la preocupaci\u00f3n central&#8221; del tambi\u00e9n precandidato a presidente por Uni\u00f3n por la Patria (UxP).<\/p>\n<p>Y remarc\u00f3 que Massa &#8220;se hizo cargo (del Ministerio) en un momento muy complicado de la econom\u00eda&#8221; en el que &#8220;algunos n\u00fameros daban v\u00e9rtigo&#8221;, y que lo hizo con &#8220;mucha convicci\u00f3n&#8221; y &#8220;esp\u00edritu de empat\u00eda&#8221;.<\/p>\n<p>Tambi\u00e9n sostuvo que &#8220;lleva las negociaciones&#8221; con el Fondo Monetario Internacional (FMI) &#8220;de la mejor manera posible&#8221;, por lo que ha buscado &#8220;diferentes variantes&#8221; para el pago de los vencimientos, como &#8220;el swap con China y el pr\u00e9stamo de la CAF&#8221;, que &#8220;a diferencia del FMI, no tienen condicionamientos ni le piden a la Argentina qu\u00e9 tiene que hacer o dejar de hacer&#8221;.<\/p>\n","protected":false},"excerpt":{"rendered":"<p>A 10 d\u00edas de las PASO, la vocera presidencial apunt\u00f3 contra los precandidatos presidenciales opositores y sus propuestas de gobiernos como el de &#8220;Alianza y del macrismo, donde gobernaron con ideas que llenan de profunda preocupaci\u00f3n&#8221; &nbsp; &nbsp; De cara a estas elecciones, la portavoz presidencial, Gabriela Cerruti, apunt\u00f3 contra los candidatos de Juntos por el Cambio y record\u00f3 que son los mismos funcionarios que fueron parte del gobierno de la Alianza que llev\u00f3 al pa\u00eds a la peor crisis de 2001. \u201cNosotros estamos escuchando como propuestas de la oposici\u00f3n&#8230;<\/p>\n","protected":false},"author":3,"featured_media":105848,"comment_status":"closed","ping_status":"closed","sticky":false,"template":"","format":"standard","meta":[],"categories":[18],"tags":[],"_links":{"self":[{"href":"https:\/\/www.actualidadadiario.com\/index.php\/wp-json\/wp\/v2\/posts\/105847"}],"collection":[{"href":"https:\/\/www.actualidadadiario.com\/index.php\/wp-json\/wp\/v2\/posts"}],"about":[{"href":"https:\/\/www.actualidadadiario.com\/index.php\/wp-json\/wp\/v2\/types\/post"}],"author":[{"embeddable":true,"href":"https:\/\/www.actualidadadiario.com\/index.php\/wp-json\/wp\/v2\/users\/3"}],"replies":[{"embeddable":true,"href":"https:\/\/www.actualidadadiario.com\/index.php\/wp-json\/wp\/v2\/comments?post=105847"}],"version-history":[{"count":1,"href":"https:\/\/www.actualidadadiario.com\/index.php\/wp-json\/wp\/v2\/posts\/105847\/revisions"}],"predecessor-version":[{"id":105849,"href":"https:\/\/www.actualidadadiario.com\/index.php\/wp-json\/wp\/v2\/posts\/105847\/revisions\/105849"}],"wp:featuredmedia":[{"embeddable":true,"href":"https:\/\/www.actualidadadiario.com\/index.php\/wp-json\/wp\/v2\/media\/105848"}],"wp:attachment":[{"href":"https:\/\/www.actualidadadiario.com\/index.php\/wp-json\/wp\/v2\/media?parent=105847"}],"wp:term":[{"taxonomy":"category","embeddable":true,"href":"https:\/\/www.actualidadadiario.com\/index.php\/wp-json\/wp\/v2\/categories?post=105847"},{"taxonomy":"post_tag","embeddable":true,"href":"https:\/\/www.actualidadadiario.com\/index.php\/wp-json\/wp\/v2\/tags?post=105847"}],"curies":[{"name":"wp","href":"https:\/\/api.w.org\/{rel}","templated":true}]}}