{"id":105840,"date":"2023-08-03T13:58:22","date_gmt":"2023-08-03T16:58:22","guid":{"rendered":"https:\/\/www.actualidadadiario.com\/?p=105840"},"modified":"2023-08-03T13:58:22","modified_gmt":"2023-08-03T16:58:22","slug":"como-son-las-boletas-de-los-27-precandidatos-presidenciales-que-competiran-en-las-paso-2023-2","status":"publish","type":"post","link":"https:\/\/www.actualidadadiario.com\/index.php\/2023\/08\/03\/como-son-las-boletas-de-los-27-precandidatos-presidenciales-que-competiran-en-las-paso-2023-2\/","title":{"rendered":"C\u00f3mo son las boletas de los 27 precandidatos presidenciales que competir\u00e1n en las PASO 2023"},"content":{"rendered":"<p style=\"text-align: center;\"><em><strong>El 13 de agosto m\u00e1s de 30 millones de ciudadanos deber\u00e1n concurrir al cuarto oscuro para elegir al pr\u00f3ximo jefe de estado. Mir\u00e1 c\u00f3mo luce cada papeleta electoral<\/strong><\/em><\/p>\n<p>&nbsp;<\/p>\n<p>&nbsp;<\/p>\n<p>Con las Primarias, Abiertas, Simult\u00e1neas y Obligatorias (PASO) a la vuelta de la esquina, la C\u00e1mara Nacional Electoral (CNE) dio a conocer c\u00f3mo lucir\u00e1n cada una de las boletas de los 27 precandidatos presidenciales que competir\u00e1n el 13 de agosto.<\/p>\n<p>Mostrar las im\u00e1genes permite que el elector conozca de antemano, antes de ingresar al cuarto oscuro, cu\u00e1l ser\u00e1 la oferta que tendr\u00e1 en el lugar de votaci\u00f3n y as\u00ed poder reconocer c\u00f3mo luce la del candidato de preferencia.<\/p>\n<p>Si bien algunos espacios ya hab\u00edan dado a conocer los dise\u00f1os elegidos para competir en las PASO, ahora fueron publicadas todas las boletas aprobadas por la CNE que se podr\u00e1n encontrar al ingresar al aula de votaci\u00f3n, el domingo 13 de agosto.<\/p>\n<p>De las 27 boletas, 23 llevan la foto de los dos integrantes de la f\u00f3rmula, para que el votante los pueda identificar m\u00e1s f\u00e1cil, tres solo tienen al postulante presidencial y una opt\u00f3 por incluir \u00fanicamente los nombres de los postulantes.<\/p>\n<p>En estas elecciones, un total de 35.394.425 personas est\u00e1n habilitadas para sufragar en 104.577 mesas distribuidas a lo largo del pa\u00eds. Desde el viernes pasado, las personas en condiciones de votar ya pueden consultar los datos de lugar y mesa de votaci\u00f3n previstos para las PASO en el padr\u00f3n definitivo.<\/p>\n<p>&nbsp;<\/p>\n<p><strong>Una por una, las boletas de los precandidatos presidenciales a las elecciones 2023<\/strong><\/p>\n<p><strong>Uni\u00f3n por la Patria<\/strong> tendr\u00e1 competencia interna con las f\u00f3rmulas integradas por Sergio Massa y Agust\u00edn Rossi y por Juan Grabois y Paula Abal Medina.<\/p>\n<p>El actual ministro de Econom\u00eda ir\u00e1 acompa\u00f1ado del jefe de gabinete en una f\u00f3rmula avalada por el presidente Alberto Fern\u00e1ndez y por la vicepresidenta Cristina Kirchner.<\/p>\n<p>Por su parte, el dirigente social, Juan Grabois, formar\u00e1 lista con la investigadora del CONICET, Paula Abal Medina, hija de Juan Manuel Abal Medina, un hombre muy cercano a Juan Domingo Per\u00f3n.<\/p>\n<p>&nbsp;<\/p>\n<p><strong>Juntos por el Cambio<\/strong> dirimir\u00e1 su interna con el duelo electoral entre los binomios Horacio Rodr\u00edguez Larreta-Gerardo Morales y Patricia Bullrich-Luis Petri.<\/p>\n<p>El jefe de gobierno de la Ciudad Aut\u00f3noma de Buenos Aires compartir\u00e1 f\u00f3rmula con el gobernador de Jujuy, en una \u00e9poca donde su gesti\u00f3n se encuentra bajo la lupa del ojo p\u00fablico.<\/p>\n<p>La exministra de seguridad, Patricia Bullrich, estar\u00e1 acompa\u00f1ada de Luis Petri, qui\u00e9n fue diputado nacional y candidato a gobernador de Mendoza.<\/p>\n<p>&nbsp;<\/p>\n<p>Con la esperanza de poder meterse en un eventual balotaje, el economista Javier Milei competir\u00e1 acompa\u00f1ado por Victoria Villarruel, una abogada de familia militar, en representaci\u00f3n de <strong>La Libertad Avanza<\/strong>.<\/p>\n<p>&nbsp;<\/p>\n<p>En b\u00fasqueda de romper la grieta, <strong>Hacemos por Nuestro Pa\u00eds<\/strong> tendr\u00e1 en los cuartos oscuro la boleta de la f\u00f3rmula del exgobernador de C\u00f3rdoba, Juan Schiaretti, y el diputado nacional, Florencio Randazzo.<\/p>\n<p>&nbsp;<\/p>\n<p><strong>El Frente de Izquierda y de los Trabajadores-Unidad<\/strong> ir\u00e1 a internas con dos propuestas: por un lado la f\u00f3rmula Myriam Bregman-Nicol\u00e1s Del Ca\u00f1o y por el otro, Gabriel Solano-Vilma Ripoll.<\/p>\n<p>La Izquierda tendr\u00e1 otras opciones electorales estas PASO, como la del MAS (Manuela Casta\u00f1eira-Lucas Ruiz) y la de Pol\u00edtica Obrera (Marcelo Ramal-Patricia Urones).<\/p>\n<p>&nbsp;<\/p>\n<p><strong>Libres del Sur<\/strong>, partido identificado con el nacionalismo de izquierda, ir\u00e1 a las PASO con su f\u00f3rmula Jes\u00fas Escobar- Marianella Lezama Hid.<\/p>\n<p>&nbsp;<\/p>\n<p>La <strong>Uced\u00e9<\/strong> volver\u00e1 a competir por la Casa Rosada de la mano del precandidato presidencial Andr\u00e9s Gabriel Passamonti y su compa\u00f1era de f\u00f3rmula, Pamela Fern\u00e1ndez Margaride.<\/p>\n<p>&nbsp;<\/p>\n<p>Javier Milei no es el \u00fanico liberal que se presenta a las paso. <strong>El Frente Liber.AR <\/strong>ofrecer\u00e1 tres alternativas en su interna, m\u00e1s all\u00e1 del economista. Los precandidatos presidenciales ser\u00e1n Nazareno Etchepare, Julio Donato B\u00e1rbaro y Ramiro Eduardo Vasena.<\/p>\n<p>&nbsp;<\/p>\n<p>El <strong>Movimiento de Acci\u00f3n Vecinal<\/strong> es otro de los partidos chicos que regresar\u00e1 a la competencia por el Sill\u00f3n de Rivadavia de la mano de Ra\u00fal Humberto Albarrac\u00edn y Sergio Dar\u00edo Pastore.<\/p>\n<p>&nbsp;<\/p>\n<p>Otro que tambi\u00e9n vuelve es el <strong>Frente Patriota Federal<\/strong>, aunque no lo har\u00e1 de la mano de Alejandro Biondini, sino de su hijo, C\u00e9sar Biondini, qui\u00e9n competir\u00e1 por la Presidencia acompa\u00f1ado por Mar\u00eda Eugenia Avenda\u00f1o.<\/p>\n<p>&nbsp;<\/p>\n<p>El espacio <strong>Movimiento Izquierda Juventud Dignidad (MIJD<\/strong>) tendr\u00e1 en los cuartos oscuros de todo el pa\u00eds dos precandidatos presidenciales: Santiago C\u00faneo y Ra\u00fal Castells.<\/p>\n<p>&nbsp;<\/p>\n<p><strong>Pol\u00edtica Obrera<\/strong> es otro partido de izquierda que ir\u00e1 representado por el precandidato a presidente Marcelo Ramal y Patricia Urones como vicepresidenta.<\/p>\n<p>&nbsp;<\/p>\n<p><strong>Proyecto Joven<\/strong> competir\u00e1 con el objetivo de llegar al 1,5% de los votos y as\u00ed acceder a las elecciones generales. En estas PASO ir\u00e1 con tres postulantes presidenciales: Mempo Giardinelli, Reina Xiomara Ib\u00e1\u00f1ez y Mart\u00edn Miguel Ayerbe Ortiz.<\/p>\n<p>&nbsp;<\/p>\n<p>La interna m\u00e1s multitudinaria en la historia de las elecciones Primarias, Abiertas, Simult\u00e1neas y Obligatorias (PASO) la tendr\u00e1 <strong>Principios y Valores<\/strong>, con cinco postulantes: Guillermo Moreno, Eliodoro Mart\u00ednez, Jorge Eduardo Oliver, Carina Paola Bartolini, y Paula Lorena Arias.<\/p>\n","protected":false},"excerpt":{"rendered":"<p>El 13 de agosto m\u00e1s de 30 millones de ciudadanos deber\u00e1n concurrir al cuarto oscuro para elegir al pr\u00f3ximo jefe de estado. Mir\u00e1 c\u00f3mo luce cada papeleta electoral &nbsp; &nbsp; Con las Primarias, Abiertas, Simult\u00e1neas y Obligatorias (PASO) a la vuelta de la esquina, la C\u00e1mara Nacional Electoral (CNE) dio a conocer c\u00f3mo lucir\u00e1n cada una de las boletas de los 27 precandidatos presidenciales que competir\u00e1n el 13 de agosto. Mostrar las im\u00e1genes permite que el elector conozca de antemano, antes de ingresar al cuarto oscuro, cu\u00e1l ser\u00e1 la oferta&#8230;<\/p>\n","protected":false},"author":3,"featured_media":103931,"comment_status":"closed","ping_status":"closed","sticky":false,"template":"","format":"standard","meta":[],"categories":[9],"tags":[],"_links":{"self":[{"href":"https:\/\/www.actualidadadiario.com\/index.php\/wp-json\/wp\/v2\/posts\/105840"}],"collection":[{"href":"https:\/\/www.actualidadadiario.com\/index.php\/wp-json\/wp\/v2\/posts"}],"about":[{"href":"https:\/\/www.actualidadadiario.com\/index.php\/wp-json\/wp\/v2\/types\/post"}],"author":[{"embeddable":true,"href":"https:\/\/www.actualidadadiario.com\/index.php\/wp-json\/wp\/v2\/users\/3"}],"replies":[{"embeddable":true,"href":"https:\/\/www.actualidadadiario.com\/index.php\/wp-json\/wp\/v2\/comments?post=105840"}],"version-history":[{"count":1,"href":"https:\/\/www.actualidadadiario.com\/index.php\/wp-json\/wp\/v2\/posts\/105840\/revisions"}],"predecessor-version":[{"id":105841,"href":"https:\/\/www.actualidadadiario.com\/index.php\/wp-json\/wp\/v2\/posts\/105840\/revisions\/105841"}],"wp:featuredmedia":[{"embeddable":true,"href":"https:\/\/www.actualidadadiario.com\/index.php\/wp-json\/wp\/v2\/media\/103931"}],"wp:attachment":[{"href":"https:\/\/www.actualidadadiario.com\/index.php\/wp-json\/wp\/v2\/media?parent=105840"}],"wp:term":[{"taxonomy":"category","embeddable":true,"href":"https:\/\/www.actualidadadiario.com\/index.php\/wp-json\/wp\/v2\/categories?post=105840"},{"taxonomy":"post_tag","embeddable":true,"href":"https:\/\/www.actualidadadiario.com\/index.php\/wp-json\/wp\/v2\/tags?post=105840"}],"curies":[{"name":"wp","href":"https:\/\/api.w.org\/{rel}","templated":true}]}}