{"id":105836,"date":"2023-08-03T13:56:49","date_gmt":"2023-08-03T16:56:49","guid":{"rendered":"https:\/\/www.actualidadadiario.com\/?p=105836"},"modified":"2023-08-03T13:56:49","modified_gmt":"2023-08-03T16:56:49","slug":"agosto-tendra-un-fin-de-semana-largo-por-feriado-2","status":"publish","type":"post","link":"https:\/\/www.actualidadadiario.com\/index.php\/2023\/08\/03\/agosto-tendra-un-fin-de-semana-largo-por-feriado-2\/","title":{"rendered":"Agosto tendr\u00e1 un fin de semana largo por feriado"},"content":{"rendered":"<p style=\"text-align: center;\"><em><strong>Agosto, el octavo mes del a\u00f1o, tendr\u00e1 un fin de semana largo por feriado nacional, que como es &#8220;trasladable&#8221; se llevar\u00e1 a un lunes para combinar con s\u00e1bado y domingo<\/strong><\/em><\/p>\n<p>&nbsp;<\/p>\n<p>&nbsp;<\/p>\n<p>Agosto, el octavo mes del a\u00f1o, tendr\u00e1 un fin de semana largo por feriado nacional, que como es &#8220;trasladable&#8221; se llevar\u00e1 a un lunes para combinar con s\u00e1bado y domingo.<\/p>\n<p>A estos se suman los feriados provinciales y locales en municipios, que ser\u00e1n exclusivos para quienes residan en esos territorios.<\/p>\n<p>&nbsp;<\/p>\n<p><strong>\u00bfCu\u00e1ndo ser\u00e1 fin de semana largo en agosto?<\/strong><\/p>\n<p>El fin de semana largo de agosto ser\u00e1 s\u00e1bado 19, domingo 20, y lunes 21, dado que el feriado del 17 de agosto -que cae jueves- se trasladar\u00e1.<\/p>\n<p>&nbsp;<\/p>\n<p><strong>Pr\u00f3ximo fin de semana largo<\/strong><\/p>\n<p>Viernes 13 de octubre (fin de semana largo, de cuatro d\u00edas, por traslado del jueves 12 de octubre -D\u00eda del Respeto a la Diversidad Cultural- al lunes 16 de octubre).<\/p>\n","protected":false},"excerpt":{"rendered":"<p>Agosto, el octavo mes del a\u00f1o, tendr\u00e1 un fin de semana largo por feriado nacional, que como es &#8220;trasladable&#8221; se llevar\u00e1 a un lunes para combinar con s\u00e1bado y domingo &nbsp; &nbsp; Agosto, el octavo mes del a\u00f1o, tendr\u00e1 un fin de semana largo por feriado nacional, que como es &#8220;trasladable&#8221; se llevar\u00e1 a un lunes para combinar con s\u00e1bado y domingo. A estos se suman los feriados provinciales y locales en municipios, que ser\u00e1n exclusivos para quienes residan en esos territorios. &nbsp; \u00bfCu\u00e1ndo ser\u00e1 fin de semana largo en&#8230;<\/p>\n","protected":false},"author":3,"featured_media":102665,"comment_status":"closed","ping_status":"closed","sticky":false,"template":"","format":"standard","meta":[],"categories":[2],"tags":[],"_links":{"self":[{"href":"https:\/\/www.actualidadadiario.com\/index.php\/wp-json\/wp\/v2\/posts\/105836"}],"collection":[{"href":"https:\/\/www.actualidadadiario.com\/index.php\/wp-json\/wp\/v2\/posts"}],"about":[{"href":"https:\/\/www.actualidadadiario.com\/index.php\/wp-json\/wp\/v2\/types\/post"}],"author":[{"embeddable":true,"href":"https:\/\/www.actualidadadiario.com\/index.php\/wp-json\/wp\/v2\/users\/3"}],"replies":[{"embeddable":true,"href":"https:\/\/www.actualidadadiario.com\/index.php\/wp-json\/wp\/v2\/comments?post=105836"}],"version-history":[{"count":1,"href":"https:\/\/www.actualidadadiario.com\/index.php\/wp-json\/wp\/v2\/posts\/105836\/revisions"}],"predecessor-version":[{"id":105837,"href":"https:\/\/www.actualidadadiario.com\/index.php\/wp-json\/wp\/v2\/posts\/105836\/revisions\/105837"}],"wp:featuredmedia":[{"embeddable":true,"href":"https:\/\/www.actualidadadiario.com\/index.php\/wp-json\/wp\/v2\/media\/102665"}],"wp:attachment":[{"href":"https:\/\/www.actualidadadiario.com\/index.php\/wp-json\/wp\/v2\/media?parent=105836"}],"wp:term":[{"taxonomy":"category","embeddable":true,"href":"https:\/\/www.actualidadadiario.com\/index.php\/wp-json\/wp\/v2\/categories?post=105836"},{"taxonomy":"post_tag","embeddable":true,"href":"https:\/\/www.actualidadadiario.com\/index.php\/wp-json\/wp\/v2\/tags?post=105836"}],"curies":[{"name":"wp","href":"https:\/\/api.w.org\/{rel}","templated":true}]}}