{"id":105830,"date":"2023-08-03T13:54:35","date_gmt":"2023-08-03T16:54:35","guid":{"rendered":"https:\/\/www.actualidadadiario.com\/?p=105830"},"modified":"2023-08-03T13:54:35","modified_gmt":"2023-08-03T16:54:35","slug":"establecieron-que-el-transporte-publico-sera-gratuito-para-las-paso-y-las-elecciones-generales","status":"publish","type":"post","link":"https:\/\/www.actualidadadiario.com\/index.php\/2023\/08\/03\/establecieron-que-el-transporte-publico-sera-gratuito-para-las-paso-y-las-elecciones-generales\/","title":{"rendered":"Establecieron que el transporte p\u00fablico ser\u00e1 gratuito para las PASO y las elecciones generales"},"content":{"rendered":"<p style=\"text-align: center;\"><em><strong>La medida fue difundida tras una decisi\u00f3n del ministro Diego Giuliano y establece que los servicios de transporte automotor y ferroviarios de jurisdicci\u00f3n nacional sean gratuitos el 13 de agosto y el 22 de octubre<\/strong><\/em><\/p>\n<p>&nbsp;<\/p>\n<p>&nbsp;<\/p>\n<p>Los servicios de transporte automotor y ferroviarios de jurisdicci\u00f3n nacional ser\u00e1n gratuitos tanto el 13 de agosto cuando se llevar\u00e1 a cabo las elecciones Primarias, Abiertas, Simult\u00e1neas y Obligatorias (PASO) como en las generales que ser\u00e1n el 22 de octubre.<\/p>\n<p>La medida surgi\u00f3 tras la decisi\u00f3n del ministro de Transporte, Diego Giuliano, a partir de la resoluci\u00f3n 435\/2023 publicada este jueves en el Bolet\u00edn Oficial, mientras que adem\u00e1s se prev\u00e9 que los servicios cuenten con una frecuencia de d\u00eda s\u00e1bado como m\u00ednimo y, de esta forma, se busca facilitar que todos los ciudadanos puedan ejercer su derecho al voto.<\/p>\n<p>\u201cEl objetivo de esta medida es garantizar el derecho al voto de todas las personas. Ponemos a todo el sistema de transporte de jurisdicci\u00f3n nacional a disposici\u00f3n de los ciudadanos y ciudadanas para que puedan ir a las urnas el domingo e invitamos a todas las provincias y municipios a hacer lo mismo. Tenemos que simplificarle la vida a la gente en un momento en el que van a expresar su voluntad y queremos evitar que el transporte sea una traba&#8221;, indic\u00f3 Giuliano.<\/p>\n<p>El Ministerio de Transporte de la Naci\u00f3n invit\u00f3 a las jurisdicciones a adherirse a la medida a trav\u00e9s de la firma de un convenio y as\u00ed recibir las compensaciones econ\u00f3micas correspondientes.<\/p>\n<p>La distribuci\u00f3n de las mismas se realizar\u00e1 sobre la base de datos estad\u00edsticos disponibles a partir del Sistema \u00danico de Boleto Electr\u00f3nico (SUBE) y, en caso de que no hayan implementado a\u00fan el sistema SUBE, ser\u00e1 complementada con la informaci\u00f3n disponible para la distribuci\u00f3n del fondo previsto en el art\u00edculo 81 de la Ley de Presupuesto General de la Administraci\u00f3n Nacional.<\/p>\n<p>Con esta medida, el Gobierno nacional garantizar\u00e1 el car\u00e1cter gratuito en la prestaci\u00f3n de los servicios de transporte p\u00fablico automotor urbano y suburbano de pasajeros de Jurisdicci\u00f3n Nacional y los servicios p\u00fablicos de pasajeros ferroviario de Jurisdicci\u00f3n Nacional, Metropolitanos, Locales Extendidos, e Interurbanos Regionales.<\/p>\n","protected":false},"excerpt":{"rendered":"<p>La medida fue difundida tras una decisi\u00f3n del ministro Diego Giuliano y establece que los servicios de transporte automotor y ferroviarios de jurisdicci\u00f3n nacional sean gratuitos el 13 de agosto y el 22 de octubre &nbsp; &nbsp; Los servicios de transporte automotor y ferroviarios de jurisdicci\u00f3n nacional ser\u00e1n gratuitos tanto el 13 de agosto cuando se llevar\u00e1 a cabo las elecciones Primarias, Abiertas, Simult\u00e1neas y Obligatorias (PASO) como en las generales que ser\u00e1n el 22 de octubre. La medida surgi\u00f3 tras la decisi\u00f3n del ministro de Transporte, Diego Giuliano, a&#8230;<\/p>\n","protected":false},"author":3,"featured_media":33122,"comment_status":"closed","ping_status":"closed","sticky":false,"template":"","format":"standard","meta":[],"categories":[2],"tags":[],"_links":{"self":[{"href":"https:\/\/www.actualidadadiario.com\/index.php\/wp-json\/wp\/v2\/posts\/105830"}],"collection":[{"href":"https:\/\/www.actualidadadiario.com\/index.php\/wp-json\/wp\/v2\/posts"}],"about":[{"href":"https:\/\/www.actualidadadiario.com\/index.php\/wp-json\/wp\/v2\/types\/post"}],"author":[{"embeddable":true,"href":"https:\/\/www.actualidadadiario.com\/index.php\/wp-json\/wp\/v2\/users\/3"}],"replies":[{"embeddable":true,"href":"https:\/\/www.actualidadadiario.com\/index.php\/wp-json\/wp\/v2\/comments?post=105830"}],"version-history":[{"count":1,"href":"https:\/\/www.actualidadadiario.com\/index.php\/wp-json\/wp\/v2\/posts\/105830\/revisions"}],"predecessor-version":[{"id":105831,"href":"https:\/\/www.actualidadadiario.com\/index.php\/wp-json\/wp\/v2\/posts\/105830\/revisions\/105831"}],"wp:featuredmedia":[{"embeddable":true,"href":"https:\/\/www.actualidadadiario.com\/index.php\/wp-json\/wp\/v2\/media\/33122"}],"wp:attachment":[{"href":"https:\/\/www.actualidadadiario.com\/index.php\/wp-json\/wp\/v2\/media?parent=105830"}],"wp:term":[{"taxonomy":"category","embeddable":true,"href":"https:\/\/www.actualidadadiario.com\/index.php\/wp-json\/wp\/v2\/categories?post=105830"},{"taxonomy":"post_tag","embeddable":true,"href":"https:\/\/www.actualidadadiario.com\/index.php\/wp-json\/wp\/v2\/tags?post=105830"}],"curies":[{"name":"wp","href":"https:\/\/api.w.org\/{rel}","templated":true}]}}