{"id":105819,"date":"2023-08-03T12:13:15","date_gmt":"2023-08-03T15:13:15","guid":{"rendered":"https:\/\/www.actualidadadiario.com\/?p=105819"},"modified":"2023-08-03T12:13:15","modified_gmt":"2023-08-03T15:13:15","slug":"hay-71-ninos-y-jovenes-entrerrianos-que-buscan-familia","status":"publish","type":"post","link":"https:\/\/www.actualidadadiario.com\/index.php\/2023\/08\/03\/hay-71-ninos-y-jovenes-entrerrianos-que-buscan-familia\/","title":{"rendered":"Hay 71 ni\u00f1os y j\u00f3venes entrerrianos que buscan familia"},"content":{"rendered":"<p style=\"text-align: center;\"><em><strong>Abre inscripci\u00f3n con fines adoptivos entre el 11 y el 25 de agosto. Son 48 ni\u00f1os de entre 0 y 12 a\u00f1os y para 23 adolescentes de entre 13 y 17 a\u00f1os. La mayor\u00eda superan los 8 a\u00f1os, tienen hermanos y presenta alguna situaci\u00f3n de salud<\/strong><\/em><\/p>\n<p>&nbsp;<\/p>\n<p>&nbsp;<\/p>\n<p>El jueves, 10 de agosto, habr\u00e1 un encuentro en Villaguay de car\u00e1cter obligatorio y presencial para las personas que quieran inscribirse en el Registro de Aspirantes a guarda con fines adoptivos. El 11, se habilitar\u00e1 la inscripci\u00f3n, que es exclusiva para residentes en Entre R\u00edos, y para quienes hayan participado en esa jornada.<\/p>\n<p>A partir del viernes 11 de agosto y hasta el 25 de agosto inclusive, es decir, por 10 d\u00edas h\u00e1biles, estar\u00e1 abierta la inscripci\u00f3n para la tercera convocatoria del a\u00f1o para recibir solicitudes de incorporaci\u00f3n al Registro \u00danico de Aspirantes a Guarda con Fines Adoptivos de la provincia de Entre R\u00edos (RUAER).<\/p>\n<p>La b\u00fasqueda de familias es para 48 ni\u00f1os y ni\u00f1as de entre 0 y 12 a\u00f1os y para 23 adolescentes de entre 13 y 17 a\u00f1os de edad. La mayor\u00eda de ellos\/as superan los 8 a\u00f1os y\/o se encuentran dentro de un grupo de hermanos\/as y\/o presenta alguna situaci\u00f3n de salud que requiere tratamiento.<\/p>\n<p>En este marco, el jueves 10 de agosto, a partir de las 14, se llevar\u00e1 a cabo el encuentro obligatorio para los interesados en inscribirse en el Registro, que se realizar\u00e1 con modalidad presencial en Villaguay. Este es el primer paso para solicitar la inscripci\u00f3n.<\/p>\n<p>En esta instancia se brindar\u00e1 informaci\u00f3n relevante sobre el tr\u00e1mite a realizar y, en particular, se abordar\u00e1 la realidad de la adopci\u00f3n y sus implicancias. Quienes est\u00e9n interesados\/as en participar deben completar el siguiente formulario: https:\/\/forms.gle\/S7ha974giWhL2N7y5<\/p>\n<p>Las personas que participen en el encuentro estar\u00e1n habilitadas entre el 11 y el 25 de agosto, a remitir el formulario de inscripci\u00f3n y la documentaci\u00f3n requerida por ley para integrar el legajo. Se recuerda que este tr\u00e1mite es exclusivo para personas residentes en la provincia de Entre R\u00edos y que la remisi\u00f3n de documental y formulario se efect\u00faa mediante correo electr\u00f3nico.<\/p>\n<p>&nbsp;<\/p>\n<p><strong>Informaci\u00f3n<\/strong><\/p>\n<p>Toda la informaci\u00f3n referente al paso a paso de la solicitud de inscripci\u00f3n, como as\u00ed tambi\u00e9n el detalle de los requisitos a presentar est\u00e1 disponible en https:\/\/inscripcionruaer.jusentrerios.gov.ar\/<\/p>\n<p>Para realizar consultas, comunicarse de lunes a viernes, de 7 a 13 horas, a los tel\u00e9fonos: (0343) 4209575\/76, por correo electr\u00f3nico (ruaer@jusentrerios.gov.ar) o a trav\u00e9s de mensajes por whatsapp al 549 343 5329475. Tambi\u00e9n est\u00e1n disponibles las redes sociales: Instagram: @ruaer_mpd y Facebook: Registro de Adoptantes de Entre R\u00edos &#8211; RUAER<\/p>\n","protected":false},"excerpt":{"rendered":"<p>Abre inscripci\u00f3n con fines adoptivos entre el 11 y el 25 de agosto. Son 48 ni\u00f1os de entre 0 y 12 a\u00f1os y para 23 adolescentes de entre 13 y 17 a\u00f1os. La mayor\u00eda superan los 8 a\u00f1os, tienen hermanos y presenta alguna situaci\u00f3n de salud &nbsp; &nbsp; El jueves, 10 de agosto, habr\u00e1 un encuentro en Villaguay de car\u00e1cter obligatorio y presencial para las personas que quieran inscribirse en el Registro de Aspirantes a guarda con fines adoptivos. El 11, se habilitar\u00e1 la inscripci\u00f3n, que es exclusiva para residentes&#8230;<\/p>\n","protected":false},"author":3,"featured_media":105820,"comment_status":"closed","ping_status":"closed","sticky":false,"template":"","format":"standard","meta":[],"categories":[9,15],"tags":[],"_links":{"self":[{"href":"https:\/\/www.actualidadadiario.com\/index.php\/wp-json\/wp\/v2\/posts\/105819"}],"collection":[{"href":"https:\/\/www.actualidadadiario.com\/index.php\/wp-json\/wp\/v2\/posts"}],"about":[{"href":"https:\/\/www.actualidadadiario.com\/index.php\/wp-json\/wp\/v2\/types\/post"}],"author":[{"embeddable":true,"href":"https:\/\/www.actualidadadiario.com\/index.php\/wp-json\/wp\/v2\/users\/3"}],"replies":[{"embeddable":true,"href":"https:\/\/www.actualidadadiario.com\/index.php\/wp-json\/wp\/v2\/comments?post=105819"}],"version-history":[{"count":1,"href":"https:\/\/www.actualidadadiario.com\/index.php\/wp-json\/wp\/v2\/posts\/105819\/revisions"}],"predecessor-version":[{"id":105821,"href":"https:\/\/www.actualidadadiario.com\/index.php\/wp-json\/wp\/v2\/posts\/105819\/revisions\/105821"}],"wp:featuredmedia":[{"embeddable":true,"href":"https:\/\/www.actualidadadiario.com\/index.php\/wp-json\/wp\/v2\/media\/105820"}],"wp:attachment":[{"href":"https:\/\/www.actualidadadiario.com\/index.php\/wp-json\/wp\/v2\/media?parent=105819"}],"wp:term":[{"taxonomy":"category","embeddable":true,"href":"https:\/\/www.actualidadadiario.com\/index.php\/wp-json\/wp\/v2\/categories?post=105819"},{"taxonomy":"post_tag","embeddable":true,"href":"https:\/\/www.actualidadadiario.com\/index.php\/wp-json\/wp\/v2\/tags?post=105819"}],"curies":[{"name":"wp","href":"https:\/\/api.w.org\/{rel}","templated":true}]}}