{"id":105817,"date":"2023-08-03T12:12:25","date_gmt":"2023-08-03T15:12:25","guid":{"rendered":"https:\/\/www.actualidadadiario.com\/?p=105817"},"modified":"2023-08-03T12:12:25","modified_gmt":"2023-08-03T15:12:25","slug":"inicio-el-cronograma-de-pago-de-becas-provinciales-a-estudiantes-secundarios-terciarios-y-universitarios","status":"publish","type":"post","link":"https:\/\/www.actualidadadiario.com\/index.php\/2023\/08\/03\/inicio-el-cronograma-de-pago-de-becas-provinciales-a-estudiantes-secundarios-terciarios-y-universitarios\/","title":{"rendered":"Inici\u00f3 el cronograma de pago de becas provinciales a estudiantes secundarios, terciarios y universitarios"},"content":{"rendered":"<p style=\"text-align: center;\"><em><strong>El Instituto Becario inform\u00f3 el pago de las becas de nivel secundario y superior, correspondiente al mes de agosto. El cronograma se extender\u00e1 desde este jueves 3 hasta el lunes 7 inclusive, seg\u00fan la terminaci\u00f3n del DNI del o la titular del cobro<\/strong><\/em><\/p>\n<p>&nbsp;<\/p>\n<p>&nbsp;<\/p>\n<p>Este jueves 3 de agosto inicia el pago de las becas provinciales para estudiantes secundarios, terciarios y universitarios. En este sentido, el director ejecutivo del Becario, Sebasti\u00e1n B\u00e9rtoli, se\u00f1al\u00f3 que &#8220;es el primer mes de cobro de las y los estudiantes terciarios y universitarios que obtuvieron el beneficio en 2023. El pago cuenta con un promedio del 60 por ciento de aumento para este nivel educativo. Por su parte, el nivel secundario tuvo un incremento este a\u00f1o que supera el 100 por ciento\u201d.<\/p>\n<p>El funcionario indic\u00f3 adem\u00e1s que actualmente \u201ccontin\u00faa abierta la inscripci\u00f3n para las becas 2023 de nivel superior, que se realiza de manera online y est\u00e1 disponible las 24hs, sin restricciones&#8221;.<\/p>\n<p>De igual modo, B\u00e9rtoli record\u00f3 que el periodo de pago para las y los estudiantes secundarios se extiende de mayo a noviembre (2023) y luego febrero y marzo (2024). Mientras que, para el nivel superior, que comprende a estudiantes terciarios y universitarios, el periodo de pago va de agosto a diciembre (2023) y de marzo a junio (2024).<\/p>\n<p>Seguidamente, remarc\u00f3 que el cronograma se establece seg\u00fan la terminaci\u00f3n del DNI de la persona titular del cobro, sea \u00e9sta \u00e9l o la estudiante o un mayor a cargo. De esta manera, el cronograma qued\u00f3 establecido de la siguiente manera:<\/p>\n<p>Jueves 3 de agosto: terminaci\u00f3n del DNI en 0, 1 y 2.<\/p>\n<p>Viernes 4 de agosto: terminaci\u00f3n del DNI en 3, 4 y 5.<\/p>\n<p>Lunes 7 de agosto: terminaci\u00f3n del DNI en 6, 7, 8 y 9.<\/p>\n<p>&nbsp;<\/p>\n<p><strong>Canales de atenci\u00f3n<\/strong><\/p>\n<p>El organismo provincial cuenta con delegaciones en toda la provincia, de las cuales se puede conocer su ubicaci\u00f3n y horario de atenci\u00f3n, en la web del Becario.<\/p>\n<p>Asimismo, la atenci\u00f3n en Casa Central, San Mart\u00edn 458 de Paran\u00e1, es de lunes a viernes de 8 a 13, mientras que a trav\u00e9s del chat online, son los mismos d\u00edas, de 9 a 13.<\/p>\n","protected":false},"excerpt":{"rendered":"<p>El Instituto Becario inform\u00f3 el pago de las becas de nivel secundario y superior, correspondiente al mes de agosto. El cronograma se extender\u00e1 desde este jueves 3 hasta el lunes 7 inclusive, seg\u00fan la terminaci\u00f3n del DNI del o la titular del cobro &nbsp; &nbsp; Este jueves 3 de agosto inicia el pago de las becas provinciales para estudiantes secundarios, terciarios y universitarios. En este sentido, el director ejecutivo del Becario, Sebasti\u00e1n B\u00e9rtoli, se\u00f1al\u00f3 que &#8220;es el primer mes de cobro de las y los estudiantes terciarios y universitarios que&#8230;<\/p>\n","protected":false},"author":3,"featured_media":104897,"comment_status":"closed","ping_status":"closed","sticky":false,"template":"","format":"standard","meta":[],"categories":[15],"tags":[],"_links":{"self":[{"href":"https:\/\/www.actualidadadiario.com\/index.php\/wp-json\/wp\/v2\/posts\/105817"}],"collection":[{"href":"https:\/\/www.actualidadadiario.com\/index.php\/wp-json\/wp\/v2\/posts"}],"about":[{"href":"https:\/\/www.actualidadadiario.com\/index.php\/wp-json\/wp\/v2\/types\/post"}],"author":[{"embeddable":true,"href":"https:\/\/www.actualidadadiario.com\/index.php\/wp-json\/wp\/v2\/users\/3"}],"replies":[{"embeddable":true,"href":"https:\/\/www.actualidadadiario.com\/index.php\/wp-json\/wp\/v2\/comments?post=105817"}],"version-history":[{"count":1,"href":"https:\/\/www.actualidadadiario.com\/index.php\/wp-json\/wp\/v2\/posts\/105817\/revisions"}],"predecessor-version":[{"id":105818,"href":"https:\/\/www.actualidadadiario.com\/index.php\/wp-json\/wp\/v2\/posts\/105817\/revisions\/105818"}],"wp:featuredmedia":[{"embeddable":true,"href":"https:\/\/www.actualidadadiario.com\/index.php\/wp-json\/wp\/v2\/media\/104897"}],"wp:attachment":[{"href":"https:\/\/www.actualidadadiario.com\/index.php\/wp-json\/wp\/v2\/media?parent=105817"}],"wp:term":[{"taxonomy":"category","embeddable":true,"href":"https:\/\/www.actualidadadiario.com\/index.php\/wp-json\/wp\/v2\/categories?post=105817"},{"taxonomy":"post_tag","embeddable":true,"href":"https:\/\/www.actualidadadiario.com\/index.php\/wp-json\/wp\/v2\/tags?post=105817"}],"curies":[{"name":"wp","href":"https:\/\/api.w.org\/{rel}","templated":true}]}}