{"id":105814,"date":"2023-08-03T12:11:32","date_gmt":"2023-08-03T15:11:32","guid":{"rendered":"https:\/\/www.actualidadadiario.com\/?p=105814"},"modified":"2023-08-03T12:11:32","modified_gmt":"2023-08-03T15:11:32","slug":"bordet-para-transformar-la-realidad-de-esta-provincia-hay-que-conocerla","status":"publish","type":"post","link":"https:\/\/www.actualidadadiario.com\/index.php\/2023\/08\/03\/bordet-para-transformar-la-realidad-de-esta-provincia-hay-que-conocerla\/","title":{"rendered":"Bordet: \u201cPara transformar la realidad de esta provincia hay que conocerla\u201d"},"content":{"rendered":"<p style=\"text-align: center;\"><em><strong>\u201cPara transformar la realidad de esta provincia hay que conocerla\u201d, afirm\u00f3 el gobernador, y precandidato a diputado nacional, Gustavo Bordet durante la conferencia que brind\u00f3 junto al intendente de Paran\u00e1, y precandidato a la gobernaci\u00f3n por M\u00e1s para Entre R\u00edos, Ad\u00e1n Bahl. Fue en el ciclo Entre R\u00edos 2023: perspectivas de gobierno<\/strong><\/em><\/p>\n<p>&nbsp;<\/p>\n<p>&nbsp;<\/p>\n<p>Bordet y Bahl asistieron a la Facultad de Ciencias Econ\u00f3micas de la Universidad Nacional de Entre R\u00edos en compa\u00f1\u00eda de la precandidata a viegobernadora, Claudia Monjo. Fueron recibidos por el decano Sebasti\u00e1n P\u00e9rez, quien moder\u00f3 el encuentro.<\/p>\n<p>El mandatario provincial, y precandidato a Diputado Nacional, elabor\u00f3 una descripci\u00f3n detallada de la solidez y el ordenamiento fiscal y financiero que logr\u00f3 en la provincia en los \u00faltimos ocho a\u00f1os; se refiri\u00f3 a los pilares del desarrollo que dejar\u00e1 para el futuro de Entre R\u00edos; y sostuvo que para \u201cir por lo que falta\u201d, es necesario dar \u201cun salto de calidad\u201d, para lo cual \u201cla persona indicada es Ad\u00e1n Bahl\u201d. A su vez, el precandidato a gobernador por M\u00e1s Para Entre R\u00edos habl\u00f3 de la \u201coportunidad hist\u00f3rica\u201d que tiene Entre R\u00edos.<\/p>\n<p>&nbsp;<\/p>\n<p><strong>Ejes para el desarrollo<\/strong><\/p>\n<p>\u201cComo todos quienes vivimos, trabajamos, estudiamos y ejercemos nuestras profesiones en la provincia conocemos las particularidades de Entre R\u00edos\u201d, empez\u00f3 el mandatario. Record\u00f3 que, cuando le toc\u00f3 asumir como gobernador, hace ocho a\u00f1os atr\u00e1s, &#8220;planteamos una matriz productiva basada en tres ejes: habilitar nuestros puertos, porque no ten\u00edamos ning\u00fan puerto operativo y hoy estamos exportando a distintos pa\u00edses del mundo; desarrollar la infraestructura energ\u00e9tica para garantizar una mejor estructura de costos en la producci\u00f3n; y el tercer elemento ten\u00eda que ver con la mejora de nuestras rutas y caminos productivos\u201d.<\/p>\n<p>Entre las obras que menciono se encuentra el cierre energ\u00e9tico del norte entrerriano, y \u201cel gasoducto que une los dos troncales, es decir el que va paralelo a la 127 y el que va paralelo a la ruta 14, que ya lleva un 70 por ciento de avance\u201d. \u201cDigo esto porque un candidato a presidente, desprevenidamente, sostuvo que era una verg\u00fcenza que no haya gas natural en Entre R\u00edos. Lo cual deja a las claras que es importante informarse para no subestimar a los entrerrianos\u201d, apunt\u00f3 Bordet.<\/p>\n<p>Por otra parte, se refiri\u00f3 al gobierno nacional de Macri y Frigerio, y record\u00f3 que en ese periodo \u201csufrimos la paralizaci\u00f3n de la obra durante cuatro a\u00f1os\u201d. \u201cY no estoy aqu\u00ed para echar culpas, pero es oportuno decir que cuando no hubo acompa\u00f1amiento del gobierno nacional, muchas obras se paralizaron, no se continuaron y otras se abandonaron&#8221;, indic\u00f3.<\/p>\n<p>Teniendo en cuenta ese contexto nacional, el mandatario remarc\u00f3 que \u201cllev\u00f3 tiempo ordenar, poner en marcha, e imprimir m\u00e1s calidad de gesti\u00f3n. Pero cuando logramos esos primeros objetivos avanzamos hacia pol\u00edticas para promover el desarrollo productivo, el comercio local, la creaci\u00f3n de puestos de trabajo y la educaci\u00f3n\u201d.<\/p>\n<p>\u201cNecesit\u00e1bamos que la provincia tenga orden, previsibilidad, que haya seguridad jur\u00eddica; que nos posibilite tener un saneamiento en nuestras cuentas de manera tal que la inversi\u00f3n p\u00fablica que se realiza a trav\u00e9s de las acciones de gobierno tenga el respaldo que se necesita\u201d, explic\u00f3 Bordet.<\/p>\n<p>&nbsp;<\/p>\n<p><strong>\u201cHay que vivir y trabajar en Entre R\u00edos\u201d<\/strong><\/p>\n<p>Por \u00faltimo, el mandatario record\u00f3 que durante su gesti\u00f3n se produjo un \u201cdecrecimiento vegetativo de la planta de personal del Estado, en un promedio de entre 1,5 y 2 por ciento por a\u00f1o. Sin echar a nadie ni tomar medidas restrictivas del empleo. Solo dejando de cubrir vacantes que se produc\u00edan en lugares que no eran esenciales para los servicios p\u00fablicos&#8221;.<\/p>\n<p>&#8220;Por ah\u00ed escucho decir sobre el empleo p\u00fablico. Quiero decirles que el empleo p\u00fablico tambi\u00e9n son 50.000 docentes. \u00bfQuieren echar a docentes? Tambi\u00e9n son m\u00e1s de 15.000 agentes de Salud. \u00bfQuieren echar enfermeros, enfermeras. El empleo p\u00fablico incluye m\u00e1s de 15.000 agentes de las fuerzas de seguridad y del Servicio Penitenciario. Si sumamos, ya tenemos 80.000 empleos. \u00bfCu\u00e1ntos son los empleados p\u00fablicos totales de la provincia? Son 89.000\u201d, enumer\u00f3 Bordet.<\/p>\n<p>En esa l\u00ednea, remarc\u00f3 que &#8220;no hace falta sacar muchas cuentas para saber cu\u00e1l es la realidad. Lo que sucede es que para entenderla, para transformar esta provincia hay que conocerla. Hay que vivir y trabajar en Entre R\u00edos&#8221;.<\/p>\n<p>&nbsp;<\/p>\n<p><strong>Una oportunidad hist\u00f3rica<\/strong><\/p>\n<p>El precandidato a gobernador, Ad\u00e1n Bahl, destac\u00f3 que &#8220;Entre R\u00edos est\u00e1 ante una oportunidad hist\u00f3rica. El mundo necesita lo que nuestra provincia produce: talento, alimento y conocimiento. No podemos improvisar. Tenemos un plan y sabemos c\u00f3mo convertir esta oportunidad en crecimiento para la provincia y trabajo para los entrerrianos\u201d.<\/p>\n<p>El actual intendente de Paran\u00e1 explic\u00f3 que &#8220;nuestro proyecto de provincia es una en la que los j\u00f3venes se puedan estudiar y trabaja ac\u00e1, cerca de los suyos, sin necesidad de emigrar por falta de oportunidades. Para eso hay que acompa\u00f1ar a las universidades y generar empleo. Y al empleo lo crean los que producen. Por eso vamos a trabajar conjuntamente sector acad\u00e9mico, privado y p\u00fablico&#8221;.<\/p>\n<p>En este marco, asegur\u00f3 que &#8220;el trabajo con las universidades es clave\u201d, y apunt\u00f3 que \u201cel sector acad\u00e9mico tiene que tener un lugar protag\u00f3nico en el dise\u00f1o de las pol\u00edticas p\u00fablica. Eso es lo que hicimos en Paran\u00e1 y lo que vamos a hacer en provincia si los entrerrianos nos eligen. Distrito del Conocimiento, Marca Paran\u00e1, Escuela de Oficios, el plan tur\u00edstico, todas pol\u00edticas que desarrollamos junto a las universidades y que crearon empleos para nuestros gurises&#8221;.<\/p>\n<p>Para finalizar, Bahl resalt\u00f3 que &#8220;la educaci\u00f3n es prioridad, porque significa desarrollo para Entre R\u00edos y oportunidades para nuestros gurises. Para dar el salto de calidad que posicione a Entre R\u00edos dentro del pa\u00eds, necesitamos profesionales. Siempre nos van encontrar acompa\u00f1ando la educaci\u00f3n, sobre todo desde el punto de vista de la producci\u00f3n y el trabajo\u201d.<\/p>\n","protected":false},"excerpt":{"rendered":"<p>\u201cPara transformar la realidad de esta provincia hay que conocerla\u201d, afirm\u00f3 el gobernador, y precandidato a diputado nacional, Gustavo Bordet durante la conferencia que brind\u00f3 junto al intendente de Paran\u00e1, y precandidato a la gobernaci\u00f3n por M\u00e1s para Entre R\u00edos, Ad\u00e1n Bahl. Fue en el ciclo Entre R\u00edos 2023: perspectivas de gobierno &nbsp; &nbsp; Bordet y Bahl asistieron a la Facultad de Ciencias Econ\u00f3micas de la Universidad Nacional de Entre R\u00edos en compa\u00f1\u00eda de la precandidata a viegobernadora, Claudia Monjo. Fueron recibidos por el decano Sebasti\u00e1n P\u00e9rez, quien moder\u00f3 el&#8230;<\/p>\n","protected":false},"author":3,"featured_media":105815,"comment_status":"closed","ping_status":"closed","sticky":false,"template":"","format":"standard","meta":[],"categories":[9,15],"tags":[],"_links":{"self":[{"href":"https:\/\/www.actualidadadiario.com\/index.php\/wp-json\/wp\/v2\/posts\/105814"}],"collection":[{"href":"https:\/\/www.actualidadadiario.com\/index.php\/wp-json\/wp\/v2\/posts"}],"about":[{"href":"https:\/\/www.actualidadadiario.com\/index.php\/wp-json\/wp\/v2\/types\/post"}],"author":[{"embeddable":true,"href":"https:\/\/www.actualidadadiario.com\/index.php\/wp-json\/wp\/v2\/users\/3"}],"replies":[{"embeddable":true,"href":"https:\/\/www.actualidadadiario.com\/index.php\/wp-json\/wp\/v2\/comments?post=105814"}],"version-history":[{"count":1,"href":"https:\/\/www.actualidadadiario.com\/index.php\/wp-json\/wp\/v2\/posts\/105814\/revisions"}],"predecessor-version":[{"id":105816,"href":"https:\/\/www.actualidadadiario.com\/index.php\/wp-json\/wp\/v2\/posts\/105814\/revisions\/105816"}],"wp:featuredmedia":[{"embeddable":true,"href":"https:\/\/www.actualidadadiario.com\/index.php\/wp-json\/wp\/v2\/media\/105815"}],"wp:attachment":[{"href":"https:\/\/www.actualidadadiario.com\/index.php\/wp-json\/wp\/v2\/media?parent=105814"}],"wp:term":[{"taxonomy":"category","embeddable":true,"href":"https:\/\/www.actualidadadiario.com\/index.php\/wp-json\/wp\/v2\/categories?post=105814"},{"taxonomy":"post_tag","embeddable":true,"href":"https:\/\/www.actualidadadiario.com\/index.php\/wp-json\/wp\/v2\/tags?post=105814"}],"curies":[{"name":"wp","href":"https:\/\/api.w.org\/{rel}","templated":true}]}}