{"id":105811,"date":"2023-08-03T12:10:29","date_gmt":"2023-08-03T15:10:29","guid":{"rendered":"https:\/\/www.actualidadadiario.com\/?p=105811"},"modified":"2023-08-03T12:10:29","modified_gmt":"2023-08-03T15:10:29","slug":"encontraron-las-partes-que-faltaban-del-cuerpo-de-luisina-leoncino-luego-de-que-el-imputado-reconociera-el-hecho","status":"publish","type":"post","link":"https:\/\/www.actualidadadiario.com\/index.php\/2023\/08\/03\/encontraron-las-partes-que-faltaban-del-cuerpo-de-luisina-leoncino-luego-de-que-el-imputado-reconociera-el-hecho\/","title":{"rendered":"Encontraron las partes que faltaban del cuerpo de Luisina Leoncino luego de que el imputado reconociera el hecho"},"content":{"rendered":"<p style=\"text-align: center;\"><em><strong>Ben\u00edtez declar\u00f3 en la tarde-noche de este mi\u00e9rcoles frente a la Dra. Rivoira y reconoci\u00f3 el hecho. Adem\u00e1s, condujo a los investigadores al lugar donde estaban las partes del cuerpo que faltaban de Luisina Leoncino<\/strong><\/em><\/p>\n<p>&nbsp;<\/p>\n<p>&nbsp;<\/p>\n<p>En la tarde de este mi\u00e9rcoles, Horacio &#8220;\u00d1o\u00f1o&#8217; Ben\u00edtez, imputado por el femicidio de Luisina Leoncino, fue trasladado desde la Unidad Penal N\u00ba3 de Concordia hacia los Tribunales, luego de que pidiera declarar ante la fiscal Julia Rivoira.<\/p>\n<p>\u201cPidi\u00f3 declarar a la tarde noche de hoy, reconoci\u00f3 el hecho y actu\u00f3 solo\u201d, remarc\u00f3 la fiscal Rivoira. Y agreg\u00f3 que el acusado \u201cnos condujo donde estaba el cuerpo\u201d.<\/p>\n<p>Seg\u00fan se pudo saber, los restos del cuerpo que faltaban de la joven fueron hallados en inmediaciones de calle Castelli y Defensa Sur, 200 metros hacia la zona de pastizales donde se encuentra un micro basural.<\/p>\n<p>\u201cEstuve todo el tiempo presente junto a su defensor, m\u00e9dico forense, Criminal\u00edstica y testigos\u201d, explic\u00f3 la fiscal en relaci\u00f3n al operativo que se hab\u00eda montado con total hermetismo para dar con el cuerpo de la joven.<\/p>\n<p>Por \u00faltimo, la fiscal Julia Rivoira indic\u00f3 que Ben\u00edtez ser\u00e1 trasladado hacia la Unidad Penal N\u00b0 1 &#8220;Dr. Juan Jos\u00e9 O Connor\u201d de la ciudad de Paran\u00e1, donde permanecer\u00e1 alojado para cumplir los 90 d\u00edas de prisi\u00f3n preventiva que le dict\u00f3 el Juez de Garant\u00edas, Germ\u00e1n Dri, el pasado domingo 23 de julio.<\/p>\n<p>En el lugar trabaj\u00f3 el personal de la Divisi\u00f3n Criminal\u00edstica, Investigaciones, Operaciones, el Grupo Especial y personal de Bomberos Zapadores.<\/p>\n","protected":false},"excerpt":{"rendered":"<p>Ben\u00edtez declar\u00f3 en la tarde-noche de este mi\u00e9rcoles frente a la Dra. Rivoira y reconoci\u00f3 el hecho. Adem\u00e1s, condujo a los investigadores al lugar donde estaban las partes del cuerpo que faltaban de Luisina Leoncino &nbsp; &nbsp; En la tarde de este mi\u00e9rcoles, Horacio &#8220;\u00d1o\u00f1o&#8217; Ben\u00edtez, imputado por el femicidio de Luisina Leoncino, fue trasladado desde la Unidad Penal N\u00ba3 de Concordia hacia los Tribunales, luego de que pidiera declarar ante la fiscal Julia Rivoira. \u201cPidi\u00f3 declarar a la tarde noche de hoy, reconoci\u00f3 el hecho y actu\u00f3 solo\u201d, remarc\u00f3&#8230;<\/p>\n","protected":false},"author":3,"featured_media":105812,"comment_status":"closed","ping_status":"closed","sticky":false,"template":"","format":"standard","meta":[],"categories":[15],"tags":[],"_links":{"self":[{"href":"https:\/\/www.actualidadadiario.com\/index.php\/wp-json\/wp\/v2\/posts\/105811"}],"collection":[{"href":"https:\/\/www.actualidadadiario.com\/index.php\/wp-json\/wp\/v2\/posts"}],"about":[{"href":"https:\/\/www.actualidadadiario.com\/index.php\/wp-json\/wp\/v2\/types\/post"}],"author":[{"embeddable":true,"href":"https:\/\/www.actualidadadiario.com\/index.php\/wp-json\/wp\/v2\/users\/3"}],"replies":[{"embeddable":true,"href":"https:\/\/www.actualidadadiario.com\/index.php\/wp-json\/wp\/v2\/comments?post=105811"}],"version-history":[{"count":1,"href":"https:\/\/www.actualidadadiario.com\/index.php\/wp-json\/wp\/v2\/posts\/105811\/revisions"}],"predecessor-version":[{"id":105813,"href":"https:\/\/www.actualidadadiario.com\/index.php\/wp-json\/wp\/v2\/posts\/105811\/revisions\/105813"}],"wp:featuredmedia":[{"embeddable":true,"href":"https:\/\/www.actualidadadiario.com\/index.php\/wp-json\/wp\/v2\/media\/105812"}],"wp:attachment":[{"href":"https:\/\/www.actualidadadiario.com\/index.php\/wp-json\/wp\/v2\/media?parent=105811"}],"wp:term":[{"taxonomy":"category","embeddable":true,"href":"https:\/\/www.actualidadadiario.com\/index.php\/wp-json\/wp\/v2\/categories?post=105811"},{"taxonomy":"post_tag","embeddable":true,"href":"https:\/\/www.actualidadadiario.com\/index.php\/wp-json\/wp\/v2\/tags?post=105811"}],"curies":[{"name":"wp","href":"https:\/\/api.w.org\/{rel}","templated":true}]}}