{"id":105805,"date":"2023-08-03T12:08:30","date_gmt":"2023-08-03T15:08:30","guid":{"rendered":"https:\/\/www.actualidadadiario.com\/?p=105805"},"modified":"2023-08-03T12:08:30","modified_gmt":"2023-08-03T15:08:30","slug":"comenzo-el-armado-de-la-estructura-para-la-perforacion-termal-en-santa-ana","status":"publish","type":"post","link":"https:\/\/www.actualidadadiario.com\/index.php\/2023\/08\/03\/comenzo-el-armado-de-la-estructura-para-la-perforacion-termal-en-santa-ana\/","title":{"rendered":"Comenz\u00f3 el armado de la estructura para la perforaci\u00f3n termal en Santa Ana"},"content":{"rendered":"<p style=\"text-align: center;\"><em><strong>La empresa Velitec, encargada de realizar la perforaci\u00f3n termal en la localidad de Santa Ana, desde hace varias semanas arriba con maquinarias y por estos d\u00edas comenzaron con el armado de la estructura<\/strong><\/em><\/p>\n<p>&nbsp;<\/p>\n<p>&nbsp;<\/p>\n<p>Cesar Correa, encargado del trabajo, manifest\u00f3: \u201cestamos vinculando todas las piezas, son cinco mil. El equipo es muy pesado, completo pesa 500 toneladas. Estamos estabilizando la subestructura, que es lo que llevar\u00e1 el peso de la perforaci\u00f3n. La herramienta que bajar\u00e1 1100 metros pesa m\u00e1s de 30 mil kilos\u201d.<\/p>\n<p>A su vez, cont\u00f3 que la empresa tiene 36 equipos de perforaci\u00f3n de distintos tama\u00f1os, el que se usar\u00e1 en Santa Ana es \u201cmediano\u201d\u00a0 y se suele utilizar para perforaciones de hasta 3500 metros.<\/p>\n<p>Correa dijo que esta semana har\u00e1n pruebas de levante de torre (mide 27 metros) y luego deber\u00e1n hacer pruebas hidr\u00e1ulicas, de vinculaci\u00f3n y de resistencia.\u00a0 Por \u00faltimo, vincular\u00e1n bombas y piletas.<\/p>\n<p>Por \u00faltimo agreg\u00f3 que si bien hay factores que intervienen, la perforaci\u00f3n, una vez iniciada, llevar\u00eda 30 d\u00edas.<\/p>\n","protected":false},"excerpt":{"rendered":"<p>La empresa Velitec, encargada de realizar la perforaci\u00f3n termal en la localidad de Santa Ana, desde hace varias semanas arriba con maquinarias y por estos d\u00edas comenzaron con el armado de la estructura &nbsp; &nbsp; Cesar Correa, encargado del trabajo, manifest\u00f3: \u201cestamos vinculando todas las piezas, son cinco mil. El equipo es muy pesado, completo pesa 500 toneladas. Estamos estabilizando la subestructura, que es lo que llevar\u00e1 el peso de la perforaci\u00f3n. La herramienta que bajar\u00e1 1100 metros pesa m\u00e1s de 30 mil kilos\u201d. A su vez, cont\u00f3 que la&#8230;<\/p>\n","protected":false},"author":3,"featured_media":105806,"comment_status":"closed","ping_status":"closed","sticky":false,"template":"","format":"standard","meta":[],"categories":[15],"tags":[],"_links":{"self":[{"href":"https:\/\/www.actualidadadiario.com\/index.php\/wp-json\/wp\/v2\/posts\/105805"}],"collection":[{"href":"https:\/\/www.actualidadadiario.com\/index.php\/wp-json\/wp\/v2\/posts"}],"about":[{"href":"https:\/\/www.actualidadadiario.com\/index.php\/wp-json\/wp\/v2\/types\/post"}],"author":[{"embeddable":true,"href":"https:\/\/www.actualidadadiario.com\/index.php\/wp-json\/wp\/v2\/users\/3"}],"replies":[{"embeddable":true,"href":"https:\/\/www.actualidadadiario.com\/index.php\/wp-json\/wp\/v2\/comments?post=105805"}],"version-history":[{"count":1,"href":"https:\/\/www.actualidadadiario.com\/index.php\/wp-json\/wp\/v2\/posts\/105805\/revisions"}],"predecessor-version":[{"id":105807,"href":"https:\/\/www.actualidadadiario.com\/index.php\/wp-json\/wp\/v2\/posts\/105805\/revisions\/105807"}],"wp:featuredmedia":[{"embeddable":true,"href":"https:\/\/www.actualidadadiario.com\/index.php\/wp-json\/wp\/v2\/media\/105806"}],"wp:attachment":[{"href":"https:\/\/www.actualidadadiario.com\/index.php\/wp-json\/wp\/v2\/media?parent=105805"}],"wp:term":[{"taxonomy":"category","embeddable":true,"href":"https:\/\/www.actualidadadiario.com\/index.php\/wp-json\/wp\/v2\/categories?post=105805"},{"taxonomy":"post_tag","embeddable":true,"href":"https:\/\/www.actualidadadiario.com\/index.php\/wp-json\/wp\/v2\/tags?post=105805"}],"curies":[{"name":"wp","href":"https:\/\/api.w.org\/{rel}","templated":true}]}}