{"id":105788,"date":"2023-08-02T14:39:32","date_gmt":"2023-08-02T17:39:32","guid":{"rendered":"https:\/\/www.actualidadadiario.com\/?p=105788"},"modified":"2023-08-02T14:39:32","modified_gmt":"2023-08-02T17:39:32","slug":"bukele-activa-cerco-de-seguridad-en-la-region-de-el-salvador","status":"publish","type":"post","link":"https:\/\/www.actualidadadiario.com\/index.php\/2023\/08\/02\/bukele-activa-cerco-de-seguridad-en-la-region-de-el-salvador\/","title":{"rendered":"Bukele activa \u201ccerco de seguridad\u201d en la regi\u00f3n de El Salvador"},"content":{"rendered":"<p style=\"text-align: center;\"><em><strong>El presidente de El Salvador anunci\u00f3 que despleg\u00f3 7.000 soldados y 1.000 polic\u00edas en Caba\u00f1as, para &#8220;evitar la salida de pandilleros del departamento y cortar todas las l\u00edneas de suministro de los grupos terroristas&#8221;<\/strong><\/em><\/p>\n<p>&nbsp;<\/p>\n<p>&nbsp;<\/p>\n<p>El presidente de El Salvador, Nayib Bukele , anunci\u00f3 que impuso un cerco militar y policial en el departamento central de Caba\u00f1as, en una nueva ofensiva de su &#8221; guerra&#8221; contra las pandillas , iniciada en marzo de 2022.<\/p>\n<p>&#8220;Desde esta madrugada, 7.000 soldados y 1.000 polic\u00edas han establecido un cerco de seguridad alrededor de todo el departamento de Caba\u00f1as. Su labor ser\u00e1 evitar la salida de pandilleros del departamento y cortar todas las l\u00edneas de suministro de los grupos terroristas&#8221;, escribi\u00f3 el mandatario en Twitter, ahora llamado X.<\/p>\n<p>Si bien Bukele ha impuesto desde el a\u00f1o pasado cercos militares en ciudades y municipios como parte de su estrategia para desarticular a las temidas pandillas que controlaban gran parte del territorio nacional, esta es la primera vez que lo hace en un departamento completo.<\/p>\n<p>&#8220;Producto de nuestra guerra contra pandillas, Caba\u00f1as se ha convertido en el lugar con mayor n\u00famero de c\u00e9lulas terroristas, que han llegado ah\u00ed buscando sus \u00e1reas rurales para ocultarse&#8221;, afirm\u00f3 el mandatario.<\/p>\n<p>Caba\u00f1as tiene 150.000 habitantes y es uno de los departamentos m\u00e1s peque\u00f1os de El Salvador (1.100 kil\u00f3metros cuadrados). Es una regi\u00f3n agr\u00edcola, con cultivos de caf\u00e9 y ca\u00f1a de az\u00facar y peque\u00f1os ganaderos. Su cabecera, la ciudad de Sensuntepeque, est\u00e1 a unos 70 km al oeste de San Salvador.<\/p>\n<p>En respuesta a una escalada de 87 homicidios en un fin de semana, el mandatario salvadore\u00f1o lanz\u00f3 en marzo de 2022 su \u201cGuerra\u201d contra las pandillas, al amparo de un r\u00e9gimen de excepci\u00f3n aprobado por el Congreso pero cuestionado por organizaciones de derechos humanos.<\/p>\n<p>Desde entonces han sido detenidos casi 72.000 presuntos pandilleros.<\/p>\n","protected":false},"excerpt":{"rendered":"<p>El presidente de El Salvador anunci\u00f3 que despleg\u00f3 7.000 soldados y 1.000 polic\u00edas en Caba\u00f1as, para &#8220;evitar la salida de pandilleros del departamento y cortar todas las l\u00edneas de suministro de los grupos terroristas&#8221; &nbsp; &nbsp; El presidente de El Salvador, Nayib Bukele , anunci\u00f3 que impuso un cerco militar y policial en el departamento central de Caba\u00f1as, en una nueva ofensiva de su &#8221; guerra&#8221; contra las pandillas , iniciada en marzo de 2022. &#8220;Desde esta madrugada, 7.000 soldados y 1.000 polic\u00edas han establecido un cerco de seguridad alrededor&#8230;<\/p>\n","protected":false},"author":3,"featured_media":105789,"comment_status":"closed","ping_status":"closed","sticky":false,"template":"","format":"standard","meta":[],"categories":[4],"tags":[],"_links":{"self":[{"href":"https:\/\/www.actualidadadiario.com\/index.php\/wp-json\/wp\/v2\/posts\/105788"}],"collection":[{"href":"https:\/\/www.actualidadadiario.com\/index.php\/wp-json\/wp\/v2\/posts"}],"about":[{"href":"https:\/\/www.actualidadadiario.com\/index.php\/wp-json\/wp\/v2\/types\/post"}],"author":[{"embeddable":true,"href":"https:\/\/www.actualidadadiario.com\/index.php\/wp-json\/wp\/v2\/users\/3"}],"replies":[{"embeddable":true,"href":"https:\/\/www.actualidadadiario.com\/index.php\/wp-json\/wp\/v2\/comments?post=105788"}],"version-history":[{"count":1,"href":"https:\/\/www.actualidadadiario.com\/index.php\/wp-json\/wp\/v2\/posts\/105788\/revisions"}],"predecessor-version":[{"id":105790,"href":"https:\/\/www.actualidadadiario.com\/index.php\/wp-json\/wp\/v2\/posts\/105788\/revisions\/105790"}],"wp:featuredmedia":[{"embeddable":true,"href":"https:\/\/www.actualidadadiario.com\/index.php\/wp-json\/wp\/v2\/media\/105789"}],"wp:attachment":[{"href":"https:\/\/www.actualidadadiario.com\/index.php\/wp-json\/wp\/v2\/media?parent=105788"}],"wp:term":[{"taxonomy":"category","embeddable":true,"href":"https:\/\/www.actualidadadiario.com\/index.php\/wp-json\/wp\/v2\/categories?post=105788"},{"taxonomy":"post_tag","embeddable":true,"href":"https:\/\/www.actualidadadiario.com\/index.php\/wp-json\/wp\/v2\/tags?post=105788"}],"curies":[{"name":"wp","href":"https:\/\/api.w.org\/{rel}","templated":true}]}}