{"id":105783,"date":"2023-08-02T14:09:00","date_gmt":"2023-08-02T17:09:00","guid":{"rendered":"https:\/\/www.actualidadadiario.com\/?p=105783"},"modified":"2023-08-02T14:09:00","modified_gmt":"2023-08-02T17:09:00","slug":"la-gira-de-sergio-massa-por-cordoba-desafia-al-peronismo-local","status":"publish","type":"post","link":"https:\/\/www.actualidadadiario.com\/index.php\/2023\/08\/02\/la-gira-de-sergio-massa-por-cordoba-desafia-al-peronismo-local\/","title":{"rendered":"La gira de Sergio Massa por C\u00f3rdoba desaf\u00eda al peronismo local"},"content":{"rendered":"<p style=\"text-align: center;\"><em><strong>Viajar\u00e1 ma\u00f1ana en el marco de la campa\u00f1a electoral por el interior del pa\u00eds. Busca sumar los votos del electorado m\u00e1s cercanos al PJ<\/strong><\/em><\/p>\n<p>&nbsp;<\/p>\n<p>&nbsp;<\/p>\n<p>Tras su paso por Mendoza y San Luis, el precandidato presidencial Sergio Massa arribar\u00e1 ma\u00f1ana a C\u00f3rdoba en el marco de la gira federal que encabeza en el marco de las PASO del 13 de agosto.<\/p>\n<p>En el entorno del ministro de Econom\u00eda confirmaron que viajar\u00e1 a la ciudad de C\u00f3rdoba y a R\u00edo Cuarto, y luego &#8220;retomar\u00eda las otras provincias la semana que viene&#8221;. El candidato tiene en agenda visitar tambi\u00e9n las provincias de Santa Fe y Chaco.<\/p>\n<p>En cuanto a C\u00f3rdoba es la primera vez que pisa el territorio como candidato de Uni\u00f3n por la Patria. El peronismo cordob\u00e9s est\u00e1 alineado detr\u00e1s de la candidatura de Juan Schiaretti, quien d\u00edas atr\u00e1s reconoci\u00f3 que en caso de una segunda vuelta apoyar\u00e1 a Horacio Rodr\u00edguez Larreta pero nunca a un candidato del kirchnerismo.<\/p>\n<p>El suelo cordob\u00e9s tiene poco espacio para la llegada de massismo. Pero el candidato aprovechar\u00e1 para cosechar votos del segundo distrito electoral m\u00e1s grande el pa\u00eds con el 8,66% del padr\u00f3n. Tiene el apoyo del intendente de Villa Mar\u00eda, Mart\u00edn Gill, del ri\u00f1\u00f3n del cristinismo, y de sectores de la CGT local.<\/p>\n<p>El flamante ganador de la gobernaci\u00f3n, Mart\u00edn Llaryora, quien habl\u00f3 de &#8220;los pituquitos de Recoleta&#8221;, juega a favor de Schiaretti en la nacional, pero la dupla con Florencio Randazzo debe sacar el 1,5% para pasar a las generales de octubre. Pese al v\u00ednculo que lo une con el gobernador electo no habr\u00e1 ning\u00fan contacto en la visita.<\/p>\n<p>La llegada de Massa a C\u00f3rdoba se da a 10 d\u00edas antes de las elecciones primarias con el objetivo de convencer al electorado cordob\u00e9s, sobre todo el peronista, a que se incline por su boleta. En cuanto a las actividades en la ciudad, estar\u00e1 dividida entre la recorrida por alguna f\u00e1brica y un encuentro con sindicalistas.<\/p>\n","protected":false},"excerpt":{"rendered":"<p>Viajar\u00e1 ma\u00f1ana en el marco de la campa\u00f1a electoral por el interior del pa\u00eds. Busca sumar los votos del electorado m\u00e1s cercanos al PJ &nbsp; &nbsp; Tras su paso por Mendoza y San Luis, el precandidato presidencial Sergio Massa arribar\u00e1 ma\u00f1ana a C\u00f3rdoba en el marco de la gira federal que encabeza en el marco de las PASO del 13 de agosto. En el entorno del ministro de Econom\u00eda confirmaron que viajar\u00e1 a la ciudad de C\u00f3rdoba y a R\u00edo Cuarto, y luego &#8220;retomar\u00eda las otras provincias la semana que&#8230;<\/p>\n","protected":false},"author":3,"featured_media":105625,"comment_status":"closed","ping_status":"closed","sticky":false,"template":"","format":"standard","meta":[],"categories":[18],"tags":[],"_links":{"self":[{"href":"https:\/\/www.actualidadadiario.com\/index.php\/wp-json\/wp\/v2\/posts\/105783"}],"collection":[{"href":"https:\/\/www.actualidadadiario.com\/index.php\/wp-json\/wp\/v2\/posts"}],"about":[{"href":"https:\/\/www.actualidadadiario.com\/index.php\/wp-json\/wp\/v2\/types\/post"}],"author":[{"embeddable":true,"href":"https:\/\/www.actualidadadiario.com\/index.php\/wp-json\/wp\/v2\/users\/3"}],"replies":[{"embeddable":true,"href":"https:\/\/www.actualidadadiario.com\/index.php\/wp-json\/wp\/v2\/comments?post=105783"}],"version-history":[{"count":1,"href":"https:\/\/www.actualidadadiario.com\/index.php\/wp-json\/wp\/v2\/posts\/105783\/revisions"}],"predecessor-version":[{"id":105784,"href":"https:\/\/www.actualidadadiario.com\/index.php\/wp-json\/wp\/v2\/posts\/105783\/revisions\/105784"}],"wp:featuredmedia":[{"embeddable":true,"href":"https:\/\/www.actualidadadiario.com\/index.php\/wp-json\/wp\/v2\/media\/105625"}],"wp:attachment":[{"href":"https:\/\/www.actualidadadiario.com\/index.php\/wp-json\/wp\/v2\/media?parent=105783"}],"wp:term":[{"taxonomy":"category","embeddable":true,"href":"https:\/\/www.actualidadadiario.com\/index.php\/wp-json\/wp\/v2\/categories?post=105783"},{"taxonomy":"post_tag","embeddable":true,"href":"https:\/\/www.actualidadadiario.com\/index.php\/wp-json\/wp\/v2\/tags?post=105783"}],"curies":[{"name":"wp","href":"https:\/\/api.w.org\/{rel}","templated":true}]}}