{"id":105780,"date":"2023-08-02T14:08:06","date_gmt":"2023-08-02T17:08:06","guid":{"rendered":"https:\/\/www.actualidadadiario.com\/?p=105780"},"modified":"2023-08-02T14:08:06","modified_gmt":"2023-08-02T17:08:06","slug":"nuestro-voto-cuenta-una-campana-para-incentivar-la-participacion-de-los-jovenes","status":"publish","type":"post","link":"https:\/\/www.actualidadadiario.com\/index.php\/2023\/08\/02\/nuestro-voto-cuenta-una-campana-para-incentivar-la-participacion-de-los-jovenes\/","title":{"rendered":"&#8220;Nuestro voto cuenta&#8221;, una campa\u00f1a para &#8220;incentivar la participaci\u00f3n&#8221; de los j\u00f3venes"},"content":{"rendered":"<p style=\"text-align: center;\"><em><strong>&#8220;Argentina es un pa\u00eds pionero en Am\u00e9rica Latina en reconocer y ampliar los derechos pol\u00edticos a las juventudes&#8221;, se\u00f1al\u00f3 la especialista en Comunicaci\u00f3n de Unicef Argentina, Natalia Calisti. Y remarc\u00f3 que &#8220;las y los j\u00f3venes tienen derecho a ser escuchados&#8221;<\/strong><\/em><\/p>\n<p>&nbsp;<\/p>\n<p>&nbsp;<\/p>\n<p>Unicef y Amnist\u00eda Internacional lanzaron una campa\u00f1a con el objetivo de \u201cincentivar la participaci\u00f3n activa\u201d de las y los j\u00f3venes en las pr\u00f3ximas elecciones.<\/p>\n<p>&#8220;Argentina es un pa\u00eds pionero en Am\u00e9rica Latina en reconocer y ampliar los derechos pol\u00edticos a las juventudes. Que se involucre a las y los j\u00f3venes en los procesos de toma de decisiones es vital para garantizar que se tengan en cuenta sus intereses y perspectivas&#8221;, se\u00f1al\u00f3 la especialista en Comunicaci\u00f3n de Unicef Argentina, Natalia Calisti, al referirse a la campa\u00f1a &#8220;Nuestro voto cuenta&#8221;.<\/p>\n<p>En ese marco, a trav\u00e9s de un comunicado, a\u00f1adi\u00f3: &#8220;Las y los j\u00f3venes tienen derecho a ser escuchados y tener voz en las cuestiones que las y los afectan&#8221;.<\/p>\n<p>Desde que la ley 26.774 de 2013 reconoci\u00f3 y ampli\u00f3 los derechos pol\u00edticos de las juventudes, la participaci\u00f3n de j\u00f3venes en las elecciones aument\u00f3 progresivamente, indicaron desde las organizaciones.<\/p>\n<p>Sin embargo, seg\u00fan una encuesta elaborada por Unicef de 2022, m\u00e1s del 52% de las y los j\u00f3venes no sienten que sus ideas est\u00e9n representadas por alg\u00fan partido pol\u00edtico o candidato.<\/p>\n<p>Por eso, \u201cesta percepci\u00f3n de falta de representaci\u00f3n pol\u00edtica entre las y los j\u00f3venes nos invita a trabajar en una democracia m\u00e1s inclusiva y receptiva a sus voces\u201d, subray\u00f3 Mariela Belski, directora ejecutiva de Amnist\u00eda Internacional Argentina.<\/p>\n<p>\u201cEn un contexto de polarizaci\u00f3n y discursos que incitan a la violencia, socavan la cohesi\u00f3n social y atentan contra los derechos humanos, es imprescindible tomar medidas para promover el compromiso y la participaci\u00f3n responsable e informada de las juventudes argentinas\u201d, agreg\u00f3.<\/p>\n<p>Seg\u00fan datos del Ministerio del Interior, en 2021, 9 millones de j\u00f3venes formaban parte del padr\u00f3n electoral.<\/p>\n<p>Para Belski, la participaci\u00f3n de las juventudes en los procesos electorales \u201ces fundamental para el fortalecimiento de la democracia en su 40 aniversario\u201d.<\/p>\n<p>&#8220;El voto joven es una forma de hacernos escuchar frente a un mundo mayormente adultocentrista. Es importante aprovechar este derecho que tenemos ya que las juventudes somos el presente y el futuro, y tenemos mucho para elegir\u201d, dijo Julien, de 17 a\u00f1os, quien es parte de la campa\u00f1a.<\/p>\n<p>\u201cEn las elecciones se ponen en juego derechos claves para nosotros, como el derecho a la educaci\u00f3n sexual integral (ESI), a la identidad, a vivir en un ambiente sano o a la participaci\u00f3n juvenil como tal. Derechos de cuya conquista fuimos parte, y derechos por los que luchamos d\u00eda a d\u00eda&#8221;, destac\u00f3.<\/p>\n","protected":false},"excerpt":{"rendered":"<p>&#8220;Argentina es un pa\u00eds pionero en Am\u00e9rica Latina en reconocer y ampliar los derechos pol\u00edticos a las juventudes&#8221;, se\u00f1al\u00f3 la especialista en Comunicaci\u00f3n de Unicef Argentina, Natalia Calisti. Y remarc\u00f3 que &#8220;las y los j\u00f3venes tienen derecho a ser escuchados&#8221; &nbsp; &nbsp; Unicef y Amnist\u00eda Internacional lanzaron una campa\u00f1a con el objetivo de \u201cincentivar la participaci\u00f3n activa\u201d de las y los j\u00f3venes en las pr\u00f3ximas elecciones. &#8220;Argentina es un pa\u00eds pionero en Am\u00e9rica Latina en reconocer y ampliar los derechos pol\u00edticos a las juventudes. Que se involucre a las y&#8230;<\/p>\n","protected":false},"author":3,"featured_media":105781,"comment_status":"closed","ping_status":"closed","sticky":false,"template":"","format":"standard","meta":[],"categories":[18],"tags":[],"_links":{"self":[{"href":"https:\/\/www.actualidadadiario.com\/index.php\/wp-json\/wp\/v2\/posts\/105780"}],"collection":[{"href":"https:\/\/www.actualidadadiario.com\/index.php\/wp-json\/wp\/v2\/posts"}],"about":[{"href":"https:\/\/www.actualidadadiario.com\/index.php\/wp-json\/wp\/v2\/types\/post"}],"author":[{"embeddable":true,"href":"https:\/\/www.actualidadadiario.com\/index.php\/wp-json\/wp\/v2\/users\/3"}],"replies":[{"embeddable":true,"href":"https:\/\/www.actualidadadiario.com\/index.php\/wp-json\/wp\/v2\/comments?post=105780"}],"version-history":[{"count":1,"href":"https:\/\/www.actualidadadiario.com\/index.php\/wp-json\/wp\/v2\/posts\/105780\/revisions"}],"predecessor-version":[{"id":105782,"href":"https:\/\/www.actualidadadiario.com\/index.php\/wp-json\/wp\/v2\/posts\/105780\/revisions\/105782"}],"wp:featuredmedia":[{"embeddable":true,"href":"https:\/\/www.actualidadadiario.com\/index.php\/wp-json\/wp\/v2\/media\/105781"}],"wp:attachment":[{"href":"https:\/\/www.actualidadadiario.com\/index.php\/wp-json\/wp\/v2\/media?parent=105780"}],"wp:term":[{"taxonomy":"category","embeddable":true,"href":"https:\/\/www.actualidadadiario.com\/index.php\/wp-json\/wp\/v2\/categories?post=105780"},{"taxonomy":"post_tag","embeddable":true,"href":"https:\/\/www.actualidadadiario.com\/index.php\/wp-json\/wp\/v2\/tags?post=105780"}],"curies":[{"name":"wp","href":"https:\/\/api.w.org\/{rel}","templated":true}]}}