{"id":105767,"date":"2023-08-02T14:03:29","date_gmt":"2023-08-02T17:03:29","guid":{"rendered":"https:\/\/www.actualidadadiario.com\/?p=105767"},"modified":"2023-08-02T14:03:29","modified_gmt":"2023-08-02T17:03:29","slug":"bullrich-confirmo-que-cierra-la-campana-en-cordoba-y-hay-dudas-sobre-si-estara-juez","status":"publish","type":"post","link":"https:\/\/www.actualidadadiario.com\/index.php\/2023\/08\/02\/bullrich-confirmo-que-cierra-la-campana-en-cordoba-y-hay-dudas-sobre-si-estara-juez\/","title":{"rendered":"Bullrich confirm\u00f3 que cierra la campa\u00f1a en C\u00f3rdoba y hay dudas sobre si estar\u00e1 Juez"},"content":{"rendered":"<p style=\"text-align: center;\"><em><strong>Larreta estar\u00e1 un d\u00eda antes y desde el entorno del senador no pudieron si estar\u00e1 en ambos actos. La definici\u00f3n de De Loredo encierra la expectativa en Juez<\/strong><\/em><\/p>\n<p>&nbsp;<\/p>\n<p>&nbsp;<\/p>\n<p>En medio de los incidentes en San Luis, desde el equipo de la precandidata a presidenta de Juntos por el Cambio, Patricia Bullrich, confirmaron que habr\u00e1 un cierre de campa\u00f1a en C\u00f3rdoba el pr\u00f3ximo mi\u00e9rcoles 9. Un d\u00eda despu\u00e9s de la escala que har\u00e1 en terreno mediterr\u00e1neo y con el mismo objetivo Horacio Rodr\u00edguez Larreta.<\/p>\n<p>Y en el entorno de ambos, la duda es qu\u00e9 har\u00e1 el senador Luis Juez, de los dirigentes con peso de la coalici\u00f3n en C\u00f3rdoba que a\u00fan no se defini\u00f3 en torno al respaldo a uno y otro dentro de la interna de Juntos. &#8220;No le debo nada a nadie&#8221;, dijo Juez en el arranque de la semana en radio Mitre C\u00f3rdoba.<\/p>\n<p>Con la tropa repartida, y su por ahora socio pol\u00edtico Rodrigo de Loredo encolumnado detr\u00e1s de la figura de Larreta, la indefinici\u00f3n de Juez gener\u00f3 incomodidad en la mesa chica de los dos presidenciables. Por lo que, consultados por este sitio, un juecista puro no se atrevi\u00f3 a decir en qu\u00e9 acto estar\u00e1 o si ir\u00e1 a ambos<\/p>\n<p>En ambas listas, Juez tiene compromisos por dirigentes que quedaron en los distintos armados y que trabajaron en su candidatura provincial. De todas maneras, en el larretismo esperan que cumpla con el alcalde porte\u00f1o y ratifique ese respaldo; aunque es cierto que el pronunciamiento de De Loredo ayud\u00f3 para generar tranquilidad.<\/p>\n","protected":false},"excerpt":{"rendered":"<p>Larreta estar\u00e1 un d\u00eda antes y desde el entorno del senador no pudieron si estar\u00e1 en ambos actos. La definici\u00f3n de De Loredo encierra la expectativa en Juez &nbsp; &nbsp; En medio de los incidentes en San Luis, desde el equipo de la precandidata a presidenta de Juntos por el Cambio, Patricia Bullrich, confirmaron que habr\u00e1 un cierre de campa\u00f1a en C\u00f3rdoba el pr\u00f3ximo mi\u00e9rcoles 9. Un d\u00eda despu\u00e9s de la escala que har\u00e1 en terreno mediterr\u00e1neo y con el mismo objetivo Horacio Rodr\u00edguez Larreta. Y en el entorno de&#8230;<\/p>\n","protected":false},"author":3,"featured_media":105768,"comment_status":"closed","ping_status":"closed","sticky":false,"template":"","format":"standard","meta":[],"categories":[18],"tags":[],"_links":{"self":[{"href":"https:\/\/www.actualidadadiario.com\/index.php\/wp-json\/wp\/v2\/posts\/105767"}],"collection":[{"href":"https:\/\/www.actualidadadiario.com\/index.php\/wp-json\/wp\/v2\/posts"}],"about":[{"href":"https:\/\/www.actualidadadiario.com\/index.php\/wp-json\/wp\/v2\/types\/post"}],"author":[{"embeddable":true,"href":"https:\/\/www.actualidadadiario.com\/index.php\/wp-json\/wp\/v2\/users\/3"}],"replies":[{"embeddable":true,"href":"https:\/\/www.actualidadadiario.com\/index.php\/wp-json\/wp\/v2\/comments?post=105767"}],"version-history":[{"count":1,"href":"https:\/\/www.actualidadadiario.com\/index.php\/wp-json\/wp\/v2\/posts\/105767\/revisions"}],"predecessor-version":[{"id":105769,"href":"https:\/\/www.actualidadadiario.com\/index.php\/wp-json\/wp\/v2\/posts\/105767\/revisions\/105769"}],"wp:featuredmedia":[{"embeddable":true,"href":"https:\/\/www.actualidadadiario.com\/index.php\/wp-json\/wp\/v2\/media\/105768"}],"wp:attachment":[{"href":"https:\/\/www.actualidadadiario.com\/index.php\/wp-json\/wp\/v2\/media?parent=105767"}],"wp:term":[{"taxonomy":"category","embeddable":true,"href":"https:\/\/www.actualidadadiario.com\/index.php\/wp-json\/wp\/v2\/categories?post=105767"},{"taxonomy":"post_tag","embeddable":true,"href":"https:\/\/www.actualidadadiario.com\/index.php\/wp-json\/wp\/v2\/tags?post=105767"}],"curies":[{"name":"wp","href":"https:\/\/api.w.org\/{rel}","templated":true}]}}