{"id":105755,"date":"2023-08-02T13:43:11","date_gmt":"2023-08-02T16:43:11","guid":{"rendered":"https:\/\/www.actualidadadiario.com\/?p=105755"},"modified":"2023-08-02T13:43:11","modified_gmt":"2023-08-02T16:43:11","slug":"combaten-focos-de-incendios-forestales-en-las-sierras-tucumanas","status":"publish","type":"post","link":"https:\/\/www.actualidadadiario.com\/index.php\/2023\/08\/02\/combaten-focos-de-incendios-forestales-en-las-sierras-tucumanas\/","title":{"rendered":"Combaten focos de incendios forestales en las sierras tucumanas"},"content":{"rendered":"<p style=\"text-align: center;\"><em><strong>Son en los cerros El Fontanero y El Puntano y est\u00e1n dispersos en un \u00e1rea que va desde los 1.600 a los 2.200 metros sobre el nivel del mar<\/strong><\/em><\/p>\n<p>&nbsp;<\/p>\n<p>&nbsp;<\/p>\n<p>Personal de Defensa Civil, Bomberos y Polic\u00eda de Tucum\u00e1n combaten el incendio que se registra en las sierras cercanas a la zona de La Toma del R\u00edo Vipos, al norte de la provincia, que ya afect\u00f3 100 hect\u00e1reas, informaron fuentes oficiales.<\/p>\n<p>&#8220;Los focos que se registran desde ayer (martes) en los cerros El Fontanero y El Puntano est\u00e1n dispersos en un \u00e1rea que va desde los 1.600 a los 2.200 metros sobre el nivel del mar, y ya han afectado a m\u00e1s de 100 hect\u00e1reas\u201d, indic\u00f3 el director de Defensa Civil, Fernando Torre. Y, agreg\u00f3: \u201cLa Toma de Vipos es el sitio de mayor aproximaci\u00f3n a los incendios que se encuentran a unos 3.000 metros lineales\u201d.<\/p>\n<p>Asimismo, el funcionario indic\u00f3 que en el lugar trabajan 16 miembros de la Brigada Forestal de la repartici\u00f3n, Bomberos Voluntarios de Tapia, San Pedro de Colalao, Trancas y Taf\u00ed Viejo y personal de la Divisi\u00f3n Delitos Rurales de la Polic\u00eda de Tucum\u00e1n, que &#8220;fueron trasladados a trav\u00e9s de un helic\u00f3ptero de la Direcci\u00f3n de Aeron\u00e1utica de la provincia\u201d.<\/p>\n<p>\u201cEl personal hasta el momento trabaja con equipos manuales compuestos por derki, chicotes, bombas de espalda con lanza, batefuegos, palas, picos, rastrillos, hachas y motosierras en zonas de pastizales y de bosques que tambi\u00e9n fueron afectadas\u201d, detall\u00f3 Torres.<\/p>\n<p>Adem\u00e1s, el funcionario dijo: \u201cSe sumar\u00e1 el helic\u00f3ptero que trasladar\u00e1 agua que dejar\u00e1 caer en los puntos \u00edgneos mediante bambi bucket, una bolsa especialmente dise\u00f1ada para transportar agua, que operar\u00e1 desde la finca San Vicente ubicada a 17 kil\u00f3metros del lugar de los incendios&#8221;.<\/p>\n<p>El titular de Defensa Civil explic\u00f3 que en estos momentos \u201cse controlan algunos frentes para que no avance el fuego, que est\u00e1 siendo dif\u00edcil de apagar, ya que hay vientos muy intensos y el pajonal est\u00e1 muy alto y muy seco, e incluso hay lugares de complicado acceso por las pendientes\u201d.<\/p>\n","protected":false},"excerpt":{"rendered":"<p>Son en los cerros El Fontanero y El Puntano y est\u00e1n dispersos en un \u00e1rea que va desde los 1.600 a los 2.200 metros sobre el nivel del mar &nbsp; &nbsp; Personal de Defensa Civil, Bomberos y Polic\u00eda de Tucum\u00e1n combaten el incendio que se registra en las sierras cercanas a la zona de La Toma del R\u00edo Vipos, al norte de la provincia, que ya afect\u00f3 100 hect\u00e1reas, informaron fuentes oficiales. &#8220;Los focos que se registran desde ayer (martes) en los cerros El Fontanero y El Puntano est\u00e1n dispersos&#8230;<\/p>\n","protected":false},"author":3,"featured_media":105756,"comment_status":"closed","ping_status":"closed","sticky":false,"template":"","format":"standard","meta":[],"categories":[2],"tags":[],"_links":{"self":[{"href":"https:\/\/www.actualidadadiario.com\/index.php\/wp-json\/wp\/v2\/posts\/105755"}],"collection":[{"href":"https:\/\/www.actualidadadiario.com\/index.php\/wp-json\/wp\/v2\/posts"}],"about":[{"href":"https:\/\/www.actualidadadiario.com\/index.php\/wp-json\/wp\/v2\/types\/post"}],"author":[{"embeddable":true,"href":"https:\/\/www.actualidadadiario.com\/index.php\/wp-json\/wp\/v2\/users\/3"}],"replies":[{"embeddable":true,"href":"https:\/\/www.actualidadadiario.com\/index.php\/wp-json\/wp\/v2\/comments?post=105755"}],"version-history":[{"count":1,"href":"https:\/\/www.actualidadadiario.com\/index.php\/wp-json\/wp\/v2\/posts\/105755\/revisions"}],"predecessor-version":[{"id":105757,"href":"https:\/\/www.actualidadadiario.com\/index.php\/wp-json\/wp\/v2\/posts\/105755\/revisions\/105757"}],"wp:featuredmedia":[{"embeddable":true,"href":"https:\/\/www.actualidadadiario.com\/index.php\/wp-json\/wp\/v2\/media\/105756"}],"wp:attachment":[{"href":"https:\/\/www.actualidadadiario.com\/index.php\/wp-json\/wp\/v2\/media?parent=105755"}],"wp:term":[{"taxonomy":"category","embeddable":true,"href":"https:\/\/www.actualidadadiario.com\/index.php\/wp-json\/wp\/v2\/categories?post=105755"},{"taxonomy":"post_tag","embeddable":true,"href":"https:\/\/www.actualidadadiario.com\/index.php\/wp-json\/wp\/v2\/tags?post=105755"}],"curies":[{"name":"wp","href":"https:\/\/api.w.org\/{rel}","templated":true}]}}