{"id":105753,"date":"2023-08-02T13:38:56","date_gmt":"2023-08-02T16:38:56","guid":{"rendered":"https:\/\/www.actualidadadiario.com\/?p=105753"},"modified":"2023-08-02T13:38:56","modified_gmt":"2023-08-02T16:38:56","slug":"jubilados-anses-tres-grupos-de-beneficiarios-recibiran-aumento-en-septiembre-2","status":"publish","type":"post","link":"https:\/\/www.actualidadadiario.com\/index.php\/2023\/08\/02\/jubilados-anses-tres-grupos-de-beneficiarios-recibiran-aumento-en-septiembre-2\/","title":{"rendered":"Jubilados ANSES: tres grupos de beneficiarios recibir\u00e1n aumento en septiembre"},"content":{"rendered":"<p style=\"text-align: center;\"><em><strong>Estos grupos ya hab\u00edan recibido incrementes en marzo y junio de este a\u00f1o, el pr\u00f3ximo ser\u00e1 en diciembre, por tratarse de un reajuste trimestral<\/strong><\/em><\/p>\n<p>&nbsp;<\/p>\n<p>&nbsp;<\/p>\n<p>La Administraci\u00f3n Nacional de la Seguridad Social (ANSES) inform\u00f3, que los jubilados del r\u00e9gimen de docentes, docentes de universidades nacionales y trabajadores de Luz y Fuerza tendr\u00e1n incrementos de entre 23,5% y 27% a partir de septiembre. Por su parte, el reajuste de haberes para jubilados y pensionados del r\u00e9gimen general tambi\u00e9n tendr\u00e1 lugar en el noveno mes del a\u00f1o, pero a\u00fan no se conoce de cu\u00e1nto ser\u00e1.<\/p>\n<p>De esta manera, a partir del pr\u00f3ximo mes, los jubilados del r\u00e9gimen de docentes tendr\u00e1n una recomposici\u00f3n por movilidad del 27,01%, beneficiar\u00e1 a m\u00e1s de 160.000 personas, y quienes reciben prestaciones del r\u00e9gimen previsional especial de docentes de universidades nacionales tendr\u00e1n un aumento de 24,67%. El tercer grupo que percibir\u00e1 un incremento es el de los trabajadores de Luz y Fuerza: en este caso, la suba ser\u00e1 de 23,55%.<\/p>\n<p>Hasta el a\u00f1o pasado, estos tres grupos recib\u00edan recomposiciones semestrales, pero esto se modific\u00f3 mediante el Ministerio de Trabajo, que para que el reajuste fuera trimestral.<\/p>\n<p>\u201cPor decisi\u00f3n del Gobierno nacional, a fines de 2022 se trimestraliz\u00f3 la movilidad del R\u00e9gimen Especial para Docentes (Resoluci\u00f3n SSS 1567\/2022) y del R\u00e9gimen Previsional Especial para el Personal Docente de las Universidades P\u00fablicas Nacionales (Resoluci\u00f3n SSS 1566\/2022)\u201d, indic\u00f3 el organismo previsional. Con el cambio normativo del r\u00e9gimen especial, son cuatro los aumentos por a\u00f1o para los beneficiarios, el pr\u00f3ximo ser\u00e1 en diciembre.<\/p>\n<p>&nbsp;<\/p>\n<p><strong>Aumentos ANSES septiembre: \u00bfc\u00f3mo queda la suma acumulada?<\/strong><\/p>\n<p>La suba de salarios para estos grupos de jubilados quedara de la siguiente manera:<\/p>\n<ul>\n<li>Docentes no universitarios: 27,01%.<\/li>\n<li>Docentes universitarios: 24,67%.<\/li>\n<li>Trabajadores de Luz y Fuerza: 23,55%.<\/li>\n<\/ul>\n<p>&nbsp;<\/p>\n<p><strong>Aumento para jubilados del r\u00e9gimen general<\/strong><\/p>\n<p>Por su parte, las jubilaciones y pensiones del r\u00e9gimen general contributivo y a las prestaciones no contributivas, el \u00edndice de recomposici\u00f3n que se aplicar\u00e1 en el noveno mes del a\u00f1o se conocer\u00e1 durante este mes, luego de que el INDEC difunda su informe de salarios.<\/p>\n<p>El porcentaje de este incremento, se conocer\u00e1 a partir de la aplicaci\u00f3n de la f\u00f3rmula de movilidad de la ley 27.609, aprobada por el Congreso en diciembre de 2020.<\/p>\n","protected":false},"excerpt":{"rendered":"<p>Estos grupos ya hab\u00edan recibido incrementes en marzo y junio de este a\u00f1o, el pr\u00f3ximo ser\u00e1 en diciembre, por tratarse de un reajuste trimestral &nbsp; &nbsp; La Administraci\u00f3n Nacional de la Seguridad Social (ANSES) inform\u00f3, que los jubilados del r\u00e9gimen de docentes, docentes de universidades nacionales y trabajadores de Luz y Fuerza tendr\u00e1n incrementos de entre 23,5% y 27% a partir de septiembre. Por su parte, el reajuste de haberes para jubilados y pensionados del r\u00e9gimen general tambi\u00e9n tendr\u00e1 lugar en el noveno mes del a\u00f1o, pero a\u00fan no se&#8230;<\/p>\n","protected":false},"author":3,"featured_media":35636,"comment_status":"closed","ping_status":"closed","sticky":false,"template":"","format":"standard","meta":[],"categories":[2],"tags":[],"_links":{"self":[{"href":"https:\/\/www.actualidadadiario.com\/index.php\/wp-json\/wp\/v2\/posts\/105753"}],"collection":[{"href":"https:\/\/www.actualidadadiario.com\/index.php\/wp-json\/wp\/v2\/posts"}],"about":[{"href":"https:\/\/www.actualidadadiario.com\/index.php\/wp-json\/wp\/v2\/types\/post"}],"author":[{"embeddable":true,"href":"https:\/\/www.actualidadadiario.com\/index.php\/wp-json\/wp\/v2\/users\/3"}],"replies":[{"embeddable":true,"href":"https:\/\/www.actualidadadiario.com\/index.php\/wp-json\/wp\/v2\/comments?post=105753"}],"version-history":[{"count":1,"href":"https:\/\/www.actualidadadiario.com\/index.php\/wp-json\/wp\/v2\/posts\/105753\/revisions"}],"predecessor-version":[{"id":105754,"href":"https:\/\/www.actualidadadiario.com\/index.php\/wp-json\/wp\/v2\/posts\/105753\/revisions\/105754"}],"wp:featuredmedia":[{"embeddable":true,"href":"https:\/\/www.actualidadadiario.com\/index.php\/wp-json\/wp\/v2\/media\/35636"}],"wp:attachment":[{"href":"https:\/\/www.actualidadadiario.com\/index.php\/wp-json\/wp\/v2\/media?parent=105753"}],"wp:term":[{"taxonomy":"category","embeddable":true,"href":"https:\/\/www.actualidadadiario.com\/index.php\/wp-json\/wp\/v2\/categories?post=105753"},{"taxonomy":"post_tag","embeddable":true,"href":"https:\/\/www.actualidadadiario.com\/index.php\/wp-json\/wp\/v2\/tags?post=105753"}],"curies":[{"name":"wp","href":"https:\/\/api.w.org\/{rel}","templated":true}]}}