{"id":105751,"date":"2023-08-02T13:37:58","date_gmt":"2023-08-02T16:37:58","guid":{"rendered":"https:\/\/www.actualidadadiario.com\/?p=105751"},"modified":"2023-08-02T13:37:58","modified_gmt":"2023-08-02T16:37:58","slug":"empleadas-domesticas-cuanto-se-paga-la-hora-a-partir-de-agosto-2","status":"publish","type":"post","link":"https:\/\/www.actualidadadiario.com\/index.php\/2023\/08\/02\/empleadas-domesticas-cuanto-se-paga-la-hora-a-partir-de-agosto-2\/","title":{"rendered":"Empleadas dom\u00e9sticas: cu\u00e1nto se paga la hora a partir de agosto"},"content":{"rendered":"<p style=\"text-align: center;\"><em><strong>El Ministerio de Trabajo dio a conocer de cu\u00e1nto ser\u00e1n los salarios m\u00ednimos por hora y mensual, de acuerdo a la categor\u00eda<\/strong><\/em><\/p>\n<p>&nbsp;<\/p>\n<p>&nbsp;<\/p>\n<p>La Comisi\u00f3n Nacional de Trabajo en Casas Particulares defini\u00f3 una suba salarial del 36% en tres tramos, a pagarse entre los meses de julio, agosto y septiembre, para las empleadas dom\u00e9sticas. En este marco, el Ministerio de Trabajo dio a conocer de cu\u00e1nto ser\u00e1n los salarios m\u00ednimos por hora y mensual, de acuerdo a la categor\u00eda.<\/p>\n<p>&nbsp;<\/p>\n<p><strong>Empleadas dom\u00e9sticas: cu\u00e1nto cobrar\u00e1n por hora de acuerdo a cada categor\u00eda<\/strong><\/p>\n<p>De acuerdo a la Resoluci\u00f3n 4\/2023, las empleadas dom\u00e9sticas cobrar\u00e1n a partir de agosto pero con vigencia desde el 1 de julio, de la siguiente manera:<\/p>\n<p><strong>Supervisor<\/strong><\/p>\n<p>Coordinaci\u00f3n y control de las tareas efectuadas por dos o m\u00e1s personas a su cargo.<\/p>\n<p>&#8211; Personal con retiro: $1.125 por hora &#8211; $140.359,5 mensual<\/p>\n<p>&#8211; Personal sin retiro: $1.232 por hora- Mensual: $156.344,5<\/p>\n<p>&nbsp;<\/p>\n<p><strong>Personal para tareas espec\u00edficas<\/strong><\/p>\n<p>Cocineros\/as contratados en forma exclusiva para desempe\u00f1ar dicha labor, y toda otra tarea del hogar que requiera especial idoneidad del personal para llevarla a cabo.<\/p>\n<p>&#8211; Personal con retiro: Hora: $1.065- Mensual: $130.402<\/p>\n<p>&#8211; Personal sin retiro: Hora: $1.168- Mensual: $145.159,5<\/p>\n<p>&nbsp;<\/p>\n<p><strong>Caseros<\/strong><\/p>\n<p>Personal que presta tareas inherentes al cuidado general y preservaci\u00f3n de una vivienda en donde habita con motivo del contrato de trabajo.<\/p>\n<p>Hora: $1.006 &#8211; Mensual: $ 127.228<\/p>\n<p>&nbsp;<\/p>\n<p><strong>Asistencia y cuidado de personas<\/strong><\/p>\n<p>Comprende la asistencia y cuidado no terap\u00e9utico de personas, tales como: personas enfermas, con discapacidad, ni\u00f1os\/as, adolescentes, adultos mayores.<\/p>\n<p>&#8211; Personal con retiro: Hora: $1.006 &#8211; Mensual: $127.228<\/p>\n<p>&#8211; Personal sin retiro: Hora: $1.125 &#8211; Mensual: $141.782<\/p>\n<p>&nbsp;<\/p>\n<p><strong>Personal para tareas generales<\/strong><\/p>\n<p>Prestaci\u00f3n de tareas de limpieza, lavado, planchado, mantenimiento, elaboraci\u00f3n y cocci\u00f3n de comidas y, en general, toda otra tarea t\u00edpica del hogar.<\/p>\n<p>&#8211; Personal con retiro: Hora: $932,5- Mensual: $ 114.415<\/p>\n<p>&#8211; Personal sin retiro: Hora: $1.006- Mensual: $127.228<\/p>\n","protected":false},"excerpt":{"rendered":"<p>El Ministerio de Trabajo dio a conocer de cu\u00e1nto ser\u00e1n los salarios m\u00ednimos por hora y mensual, de acuerdo a la categor\u00eda &nbsp; &nbsp; La Comisi\u00f3n Nacional de Trabajo en Casas Particulares defini\u00f3 una suba salarial del 36% en tres tramos, a pagarse entre los meses de julio, agosto y septiembre, para las empleadas dom\u00e9sticas. En este marco, el Ministerio de Trabajo dio a conocer de cu\u00e1nto ser\u00e1n los salarios m\u00ednimos por hora y mensual, de acuerdo a la categor\u00eda. &nbsp; Empleadas dom\u00e9sticas: cu\u00e1nto cobrar\u00e1n por hora de acuerdo a&#8230;<\/p>\n","protected":false},"author":3,"featured_media":89188,"comment_status":"closed","ping_status":"closed","sticky":false,"template":"","format":"standard","meta":[],"categories":[2],"tags":[],"_links":{"self":[{"href":"https:\/\/www.actualidadadiario.com\/index.php\/wp-json\/wp\/v2\/posts\/105751"}],"collection":[{"href":"https:\/\/www.actualidadadiario.com\/index.php\/wp-json\/wp\/v2\/posts"}],"about":[{"href":"https:\/\/www.actualidadadiario.com\/index.php\/wp-json\/wp\/v2\/types\/post"}],"author":[{"embeddable":true,"href":"https:\/\/www.actualidadadiario.com\/index.php\/wp-json\/wp\/v2\/users\/3"}],"replies":[{"embeddable":true,"href":"https:\/\/www.actualidadadiario.com\/index.php\/wp-json\/wp\/v2\/comments?post=105751"}],"version-history":[{"count":1,"href":"https:\/\/www.actualidadadiario.com\/index.php\/wp-json\/wp\/v2\/posts\/105751\/revisions"}],"predecessor-version":[{"id":105752,"href":"https:\/\/www.actualidadadiario.com\/index.php\/wp-json\/wp\/v2\/posts\/105751\/revisions\/105752"}],"wp:featuredmedia":[{"embeddable":true,"href":"https:\/\/www.actualidadadiario.com\/index.php\/wp-json\/wp\/v2\/media\/89188"}],"wp:attachment":[{"href":"https:\/\/www.actualidadadiario.com\/index.php\/wp-json\/wp\/v2\/media?parent=105751"}],"wp:term":[{"taxonomy":"category","embeddable":true,"href":"https:\/\/www.actualidadadiario.com\/index.php\/wp-json\/wp\/v2\/categories?post=105751"},{"taxonomy":"post_tag","embeddable":true,"href":"https:\/\/www.actualidadadiario.com\/index.php\/wp-json\/wp\/v2\/tags?post=105751"}],"curies":[{"name":"wp","href":"https:\/\/api.w.org\/{rel}","templated":true}]}}