{"id":105743,"date":"2023-08-02T11:25:17","date_gmt":"2023-08-02T14:25:17","guid":{"rendered":"https:\/\/www.actualidadadiario.com\/?p=105743"},"modified":"2023-08-02T11:25:17","modified_gmt":"2023-08-02T14:25:17","slug":"cuatro-ciudades-de-entre-rios-concentran-casi-la-mitad-del-padron","status":"publish","type":"post","link":"https:\/\/www.actualidadadiario.com\/index.php\/2023\/08\/02\/cuatro-ciudades-de-entre-rios-concentran-casi-la-mitad-del-padron\/","title":{"rendered":"Cuatro ciudades de Entre R\u00edos concentran casi la mitad del padr\u00f3n"},"content":{"rendered":"<p style=\"text-align: center;\"><em><strong>Paran\u00e1, Concordia, Concepci\u00f3n del Uruguay y Gualeguaych\u00fa concentran el 43,18% del padr\u00f3n provincial y explicar\u00edan, luego de los n\u00fameros finales del domingo 13, el resultado de las primarias abiertas, simult\u00e1neas y obligatorias (PASO) en Entre R\u00edos<\/strong><\/em><\/p>\n<p>&nbsp;<\/p>\n<p>&nbsp;<\/p>\n<p>&nbsp;<\/p>\n<p>Paran\u00e1, con un padr\u00f3n de 217860 electores, representa el 17,05%; Concordia, con 131.188, representa el 11,47% del padr\u00f3n; Gualeguaych\u00fa, con 77.599 electorales habilitados, suma el 6,79%; y Concepci\u00f3n del Uruguay, con 67.150 electores, explica el 5,87% del padr\u00f3n total.<\/p>\n<p>Esas cuatro ciudades suman 493.797 electores, esto es el 43,18% del padr\u00f3n provincial.<\/p>\n<p>Juan Bertonchini, estudiante avanzado de la Licenciatura en Ciencias Pol\u00edticas de la Universidad Cat\u00f3lica Argentina (UCA) y exconcejal de Hernandarias, analiz\u00f3 esos datos y los volc\u00f3 en una publicaci\u00f3n en redes sociales.<\/p>\n<p>\u201cParan\u00e1 es clave, re\u00fane como ciudad el 19,05% del Padr\u00f3n con 217.860 electores. Sumando su \u00e1rea metropolitana (Oro Verde, San Benito, Colonia Avellaneda y Sauce Montrull) es el 21,42%\u201d, dijo.<\/p>\n<p>Paran\u00e1 Campa\u00f1a, compuesto por 15 municipios, 17 Comunas y 8 Juntas de Gobierno cuentan con 100.101 electores, un 8,75% del padr\u00f3n.<\/p>\n<p>En el marco de las elecciones provinciales 2019, el departamento Paran\u00e1 representaba electoralmente el 22,15% del padr\u00f3n; cuatro a\u00f1os despu\u00e9s (2023) representa el 27,81%.<\/p>\n<p>En 2019, el departamento Paran\u00e1 aport\u00f3 124.856 votos a la f\u00f3rmula peronista, y representa el 28,61% del total provincial: es el territorio donde mayor diferencia obtuvo Gustavo Bordet.<\/p>\n<p>En la capital provincial, Bordet obtuvo la mayor diferencia a nivel provincial con 85.422 votos aportando el 19,58%. La diferencia con Atilio Benedetti (Cambiemos) fue de 40 mil votos.<\/p>\n","protected":false},"excerpt":{"rendered":"<p>Paran\u00e1, Concordia, Concepci\u00f3n del Uruguay y Gualeguaych\u00fa concentran el 43,18% del padr\u00f3n provincial y explicar\u00edan, luego de los n\u00fameros finales del domingo 13, el resultado de las primarias abiertas, simult\u00e1neas y obligatorias (PASO) en Entre R\u00edos &nbsp; &nbsp; &nbsp; Paran\u00e1, con un padr\u00f3n de 217860 electores, representa el 17,05%; Concordia, con 131.188, representa el 11,47% del padr\u00f3n; Gualeguaych\u00fa, con 77.599 electorales habilitados, suma el 6,79%; y Concepci\u00f3n del Uruguay, con 67.150 electores, explica el 5,87% del padr\u00f3n total. Esas cuatro ciudades suman 493.797 electores, esto es el 43,18% del padr\u00f3n&#8230;<\/p>\n","protected":false},"author":3,"featured_media":77625,"comment_status":"closed","ping_status":"closed","sticky":false,"template":"","format":"standard","meta":[],"categories":[9,15],"tags":[],"_links":{"self":[{"href":"https:\/\/www.actualidadadiario.com\/index.php\/wp-json\/wp\/v2\/posts\/105743"}],"collection":[{"href":"https:\/\/www.actualidadadiario.com\/index.php\/wp-json\/wp\/v2\/posts"}],"about":[{"href":"https:\/\/www.actualidadadiario.com\/index.php\/wp-json\/wp\/v2\/types\/post"}],"author":[{"embeddable":true,"href":"https:\/\/www.actualidadadiario.com\/index.php\/wp-json\/wp\/v2\/users\/3"}],"replies":[{"embeddable":true,"href":"https:\/\/www.actualidadadiario.com\/index.php\/wp-json\/wp\/v2\/comments?post=105743"}],"version-history":[{"count":1,"href":"https:\/\/www.actualidadadiario.com\/index.php\/wp-json\/wp\/v2\/posts\/105743\/revisions"}],"predecessor-version":[{"id":105744,"href":"https:\/\/www.actualidadadiario.com\/index.php\/wp-json\/wp\/v2\/posts\/105743\/revisions\/105744"}],"wp:featuredmedia":[{"embeddable":true,"href":"https:\/\/www.actualidadadiario.com\/index.php\/wp-json\/wp\/v2\/media\/77625"}],"wp:attachment":[{"href":"https:\/\/www.actualidadadiario.com\/index.php\/wp-json\/wp\/v2\/media?parent=105743"}],"wp:term":[{"taxonomy":"category","embeddable":true,"href":"https:\/\/www.actualidadadiario.com\/index.php\/wp-json\/wp\/v2\/categories?post=105743"},{"taxonomy":"post_tag","embeddable":true,"href":"https:\/\/www.actualidadadiario.com\/index.php\/wp-json\/wp\/v2\/tags?post=105743"}],"curies":[{"name":"wp","href":"https:\/\/api.w.org\/{rel}","templated":true}]}}