{"id":105740,"date":"2023-08-02T11:24:27","date_gmt":"2023-08-02T14:24:27","guid":{"rendered":"https:\/\/www.actualidadadiario.com\/?p=105740"},"modified":"2023-08-02T11:24:27","modified_gmt":"2023-08-02T14:24:27","slug":"el-senado-nacional-debatira-hoy-el-proyecto-de-kueider-sobre-reduccion-de-tarifas-electricas","status":"publish","type":"post","link":"https:\/\/www.actualidadadiario.com\/index.php\/2023\/08\/02\/el-senado-nacional-debatira-hoy-el-proyecto-de-kueider-sobre-reduccion-de-tarifas-electricas\/","title":{"rendered":"El Senado nacional debatir\u00e1 hoy el proyecto de Kueider sobre reducci\u00f3n de tarifas el\u00e9ctricas"},"content":{"rendered":"<p style=\"text-align: center;\"><em><strong>La Comisi\u00f3n de Miner\u00eda, Energ\u00eda y Combustibles de la C\u00e1mara alta volver\u00e1 a reunirse este mi\u00e9rcoles con la intenci\u00f3n de comenzar a analizar una iniciativa del legislador entrerriano Edgardo Kueider (Unidad Federal) destinada a disminuir la brecha de precios entre la generaci\u00f3n de la electricidad y el costo que pagan los usuarios finales<\/strong><\/em><\/p>\n<p>&nbsp;<\/p>\n<p>&nbsp;<\/p>\n<p>La reuni\u00f3n fue confirmada oficialmente este martes y se llevar\u00e1 a cabo desde las 11:30 en el Sal\u00f3n Arturo Illia del Palacio Legislativo.<\/p>\n<p>La intenci\u00f3n del oficialismo es brindarle dictamen al proyecto presentado por Kueider, un legislador de origen peronista pero que integra el bloque Unidad Federal.<\/p>\n<p>El proyecto de Kueider tiene como objeto \u201cestablecer criterios tarifarios que permitan disminuir la brecha de precios entre la generaci\u00f3n y el precio que pagan los usuarios finales del servicio el\u00e9ctrico, entendiendo su acceso como un derecho en el marco de la prestaci\u00f3n de un servicio p\u00fablico esencial, con el fin de reducir la tarifa para usuarios finales\u201d.<\/p>\n<p>Seg\u00fan la iniciativa, el Precio Estacional que trimestralmente aprueba la Secretar\u00eda de Energ\u00eda a propuesta de CAMMESA, ser\u00e1 afectado por un \u201cFactor K\u201d que \u201ctenga en cuenta las caracter\u00edsticas de los mercados el\u00e9ctricos en cada una de las jurisdicciones del pa\u00eds\u201d.<\/p>\n<p>\u201cEl Factor K ser\u00e1 determinado por jurisdicci\u00f3n, afectar\u00e1 al Precio Estacional y tendr\u00e1 una relaci\u00f3n inversamente proporcional al Valor Agregado de Distribuci\u00f3n (VAD) que le corresponde a cada una de los agentes distribuidores del Mercado El\u00e9ctrico Mayorista (MEM)\u201d, se\u00f1ala el articulado del proyecto.<\/p>\n<p>El avance de la iniciativa era exigido por el senador entrerriano para ayudar al oficialismo a obtener el qu\u00f3rum necesario que le permita realizar una sesi\u00f3n antes de la celebraci\u00f3n de las elecciones PASO.<\/p>\n<p>El \u00faltimo 12 de julio una sesi\u00f3n convocada por el Frente de Todos para brindarles acuerdo a m\u00e1s de setenta jueces, fiscales y defensores oficiales fracas\u00f3 porque la oposici\u00f3n de Juntos por el Cambio y de Unidad Federal, decidi\u00f3 no facilitar el qu\u00f3rum.<\/p>\n<p>Entre los acuerdos solicitados por el Gobierno nacional se encontraba la designaci\u00f3n de Ana Mar\u00eda Figueroa, vocal de la C\u00e1mara Federal de Casaci\u00f3n Penal, quien, junto con los jueces Diego Barroetave\u00f1a y Daniel Petrone, debe decidir si confirma el cierre o reapertura del Caso Hotesur-Los Sauces.<\/p>\n<p>En la causa, la Vicepresidenta Cristina Fern\u00e1ndez de Kirchner y sus hijos, el diputado nacional M\u00e1ximo Kirchner y Florencia Kirchner, fueron investigados por lavado de dinero y luego sobrese\u00eddos.<\/p>\n<p>Figueroa, quien el 9 de agosto cumplir\u00e1 75 a\u00f1os, la edad jubilatoria para los jueces, necesita del acuerdo del Senado para continuar en su cargo durante cinco a\u00f1os m\u00e1s.<\/p>\n","protected":false},"excerpt":{"rendered":"<p>La Comisi\u00f3n de Miner\u00eda, Energ\u00eda y Combustibles de la C\u00e1mara alta volver\u00e1 a reunirse este mi\u00e9rcoles con la intenci\u00f3n de comenzar a analizar una iniciativa del legislador entrerriano Edgardo Kueider (Unidad Federal) destinada a disminuir la brecha de precios entre la generaci\u00f3n de la electricidad y el costo que pagan los usuarios finales &nbsp; &nbsp; La reuni\u00f3n fue confirmada oficialmente este martes y se llevar\u00e1 a cabo desde las 11:30 en el Sal\u00f3n Arturo Illia del Palacio Legislativo. La intenci\u00f3n del oficialismo es brindarle dictamen al proyecto presentado por Kueider,&#8230;<\/p>\n","protected":false},"author":3,"featured_media":105741,"comment_status":"closed","ping_status":"closed","sticky":false,"template":"","format":"standard","meta":[],"categories":[15],"tags":[],"_links":{"self":[{"href":"https:\/\/www.actualidadadiario.com\/index.php\/wp-json\/wp\/v2\/posts\/105740"}],"collection":[{"href":"https:\/\/www.actualidadadiario.com\/index.php\/wp-json\/wp\/v2\/posts"}],"about":[{"href":"https:\/\/www.actualidadadiario.com\/index.php\/wp-json\/wp\/v2\/types\/post"}],"author":[{"embeddable":true,"href":"https:\/\/www.actualidadadiario.com\/index.php\/wp-json\/wp\/v2\/users\/3"}],"replies":[{"embeddable":true,"href":"https:\/\/www.actualidadadiario.com\/index.php\/wp-json\/wp\/v2\/comments?post=105740"}],"version-history":[{"count":1,"href":"https:\/\/www.actualidadadiario.com\/index.php\/wp-json\/wp\/v2\/posts\/105740\/revisions"}],"predecessor-version":[{"id":105742,"href":"https:\/\/www.actualidadadiario.com\/index.php\/wp-json\/wp\/v2\/posts\/105740\/revisions\/105742"}],"wp:featuredmedia":[{"embeddable":true,"href":"https:\/\/www.actualidadadiario.com\/index.php\/wp-json\/wp\/v2\/media\/105741"}],"wp:attachment":[{"href":"https:\/\/www.actualidadadiario.com\/index.php\/wp-json\/wp\/v2\/media?parent=105740"}],"wp:term":[{"taxonomy":"category","embeddable":true,"href":"https:\/\/www.actualidadadiario.com\/index.php\/wp-json\/wp\/v2\/categories?post=105740"},{"taxonomy":"post_tag","embeddable":true,"href":"https:\/\/www.actualidadadiario.com\/index.php\/wp-json\/wp\/v2\/tags?post=105740"}],"curies":[{"name":"wp","href":"https:\/\/api.w.org\/{rel}","templated":true}]}}