{"id":10574,"date":"2017-04-26T09:26:09","date_gmt":"2017-04-26T12:26:09","guid":{"rendered":"http:\/\/actualidadadiario.com\/site\/?p=10574"},"modified":"2017-04-26T09:26:09","modified_gmt":"2017-04-26T12:26:09","slug":"la-provincia-descarta-la-conciliacion-obligatoria-para-destrabar-el-conflicto-docente","status":"publish","type":"post","link":"https:\/\/www.actualidadadiario.com\/index.php\/2017\/04\/26\/la-provincia-descarta-la-conciliacion-obligatoria-para-destrabar-el-conflicto-docente\/","title":{"rendered":"La Provincia descarta la conciliaci\u00f3n obligatoria para destrabar el conflicto docente"},"content":{"rendered":"<p><em><strong>\u201cSer\u00eda directamente cerrar el di\u00e1logo\u201d, afirman desde el Consejo General de Educaci\u00f3n. Se eval\u00faa que \u201cla semana que viene\u201d podr\u00eda haber novedades en cuanto a un nuevo llamado a los gremios, dentro de la mesa de negociaci\u00f3n<\/strong><\/em><\/p>\n<p>&nbsp;<\/p>\n<p>&nbsp;<\/p>\n<p>&nbsp;<\/p>\n<p>\u201cLa Provincia est\u00e1 dando el m\u00e1ximo de aumento salarial que puede dar\u201d, comenz\u00f3 se\u00f1alando el vocal del Consejo General de Educaci\u00f3n (CGE), Gast\u00f3n Etchepare.<\/p>\n<p>&nbsp;<\/p>\n<p>En di\u00e1logo con el programa \u201cCon todo al Aire\u201d (Radio 10 Concordia), el funcionario record\u00f3 que \u201ccomo no se acept\u00f3\u201d la \u00faltima oferta oficial de 21% de incremento a los gremios docentes, \u201cse vuelve a foja cero, con la primera oferta que fue del 18%\u201d.<\/p>\n<p>&nbsp;<\/p>\n<p>Asimismo, agreg\u00f3 que \u201cm\u00e1s all\u00e1 de otros puntos que los gremios llevaron a la mesa de negociaci\u00f3n, esperamos que se pueda seguir dialogando\u201d.<\/p>\n<p>&nbsp;<\/p>\n<p>&nbsp;<\/p>\n<p><strong>Plazos<\/strong><\/p>\n<p>Oficialmente, a\u00fan no hay fecha para que ambas partes se vuelvan a encontrar. \u201cNosotros en estos d\u00edas estamos abocados a la devoluci\u00f3n de las liquidaciones de sueldos que se hab\u00edan hecho\u201d, detall\u00f3 el funcionario del CGE. Por lo que estim\u00f3 que el llamado ser\u00e1 pronto, \u201cseguramente la semana que viene habr\u00e1 alguna decisi\u00f3n al respecto\u201d.<\/p>\n<p>&nbsp;<\/p>\n<p>&nbsp;<\/p>\n<p><strong>Paritarias<\/strong><\/p>\n<p>En suelo entrerriano, en su reciente visita a Paran\u00e1, el presidente Mauricio Macri reiter\u00f3 su negativa a llamar a paritarias nacionales en el sector, mencionando que \u2013 palabras m\u00e1s, palabras menos \u2013 eso le correspond\u00eda a las administraciones provinciales; ya que los docentes son empleados de las provincias.<\/p>\n<p>&nbsp;<\/p>\n<p>Por su parte, el gobernador Gustavo Bordet hab\u00eda adelantado que no llamar\u00eda a paritarias porque eso le correspond\u00eda al gobierno federal; aunque s\u00ed ratific\u00f3 siempre su voluntad de llegar a una soluci\u00f3n consensuada, privilegiando el di\u00e1logo permanente y asegurando que ning\u00fan empleado de su gesti\u00f3n quedar\u00eda relegado en la pelea contra la inflaci\u00f3n.<\/p>\n<p>&nbsp;<\/p>\n<p>\u201cLo que pasa es que los gremios docentes de ac\u00e1, responden a gremios nacionales, como CTERA y dem\u00e1s; por lo que corresponde que las paritarias se abren desde Naci\u00f3n\u201d, argument\u00f3 ahora Etchepare.<\/p>\n<p>&nbsp;<\/p>\n<p>Subray\u00f3 que es un tema \u201cmuy ligado al tema de la copartici\u00f3n\u201d, el funcionario destac\u00f3 que \u201cel sistema federal de nuestro pa\u00eds habla de que primero tiene que haber un llamado nacional de paritarias, para que luego los gremios \u2013 en las provincias \u2013 lleven sus representantes y marquen la pauta\u201d para la negociaci\u00f3n.<\/p>\n<p>&nbsp;<\/p>\n<p>&nbsp;<\/p>\n<p><strong>Conciliaci\u00f3n no, di\u00e1logo s\u00ed<\/strong><\/p>\n<p>Por \u00faltimo, y consultado acerca de si se est\u00e1 analizando una medida judicial para frenar las medidas de fuerza en las aulas, Etchepare puntualiz\u00f3 que \u201cuna conciliaci\u00f3n obligatoria, directamente cerrar\u00eda el di\u00e1logo\u201d.<\/p>\n<p>&nbsp;<\/p>\n<p>En ese sentido, rescat\u00f3 que la idea de la gesti\u00f3n Bordet es seguir \u201capostando por el di\u00e1logo, porque nosotros \u2013 de hecho \u2013 antes de ser funcionarios fuimos docentes\u201d.<\/p>\n<p>&nbsp;<\/p>\n<p>\u201cTenemos que entender el contexto actual y que la Provincia debe garantizar la gobernabilidad: si no se ofrece m\u00e1s es porque hay que llegar a pagar aguinaldos, salarios de fin de a\u00f1o\u201d, acot\u00f3 el Vocal del CGE. Subrayando el hecho de \u201clos 3 puntos porcentuales que se ofrecieron, representa mil millones de pesos m\u00e1s\u201d para las arcas p\u00fablicas.<\/p>\n","protected":false},"excerpt":{"rendered":"<p>\u201cSer\u00eda directamente cerrar el di\u00e1logo\u201d, afirman desde el Consejo General de Educaci\u00f3n. Se eval\u00faa que \u201cla semana que viene\u201d podr\u00eda haber novedades en cuanto a un nuevo llamado a los gremios, dentro de la mesa de negociaci\u00f3n &nbsp; &nbsp; &nbsp; \u201cLa Provincia est\u00e1 dando el m\u00e1ximo de aumento salarial que puede dar\u201d, comenz\u00f3 se\u00f1alando el vocal del Consejo General de Educaci\u00f3n (CGE), Gast\u00f3n Etchepare. &nbsp; En di\u00e1logo con el programa \u201cCon todo al Aire\u201d (Radio 10 Concordia), el funcionario record\u00f3 que \u201ccomo no se acept\u00f3\u201d la \u00faltima oferta oficial de&#8230;<\/p>\n","protected":false},"author":3,"featured_media":10575,"comment_status":"closed","ping_status":"closed","sticky":false,"template":"","format":"standard","meta":[],"categories":[15],"tags":[],"_links":{"self":[{"href":"https:\/\/www.actualidadadiario.com\/index.php\/wp-json\/wp\/v2\/posts\/10574"}],"collection":[{"href":"https:\/\/www.actualidadadiario.com\/index.php\/wp-json\/wp\/v2\/posts"}],"about":[{"href":"https:\/\/www.actualidadadiario.com\/index.php\/wp-json\/wp\/v2\/types\/post"}],"author":[{"embeddable":true,"href":"https:\/\/www.actualidadadiario.com\/index.php\/wp-json\/wp\/v2\/users\/3"}],"replies":[{"embeddable":true,"href":"https:\/\/www.actualidadadiario.com\/index.php\/wp-json\/wp\/v2\/comments?post=10574"}],"version-history":[{"count":1,"href":"https:\/\/www.actualidadadiario.com\/index.php\/wp-json\/wp\/v2\/posts\/10574\/revisions"}],"predecessor-version":[{"id":10576,"href":"https:\/\/www.actualidadadiario.com\/index.php\/wp-json\/wp\/v2\/posts\/10574\/revisions\/10576"}],"wp:featuredmedia":[{"embeddable":true,"href":"https:\/\/www.actualidadadiario.com\/index.php\/wp-json\/wp\/v2\/media\/10575"}],"wp:attachment":[{"href":"https:\/\/www.actualidadadiario.com\/index.php\/wp-json\/wp\/v2\/media?parent=10574"}],"wp:term":[{"taxonomy":"category","embeddable":true,"href":"https:\/\/www.actualidadadiario.com\/index.php\/wp-json\/wp\/v2\/categories?post=10574"},{"taxonomy":"post_tag","embeddable":true,"href":"https:\/\/www.actualidadadiario.com\/index.php\/wp-json\/wp\/v2\/tags?post=10574"}],"curies":[{"name":"wp","href":"https:\/\/api.w.org\/{rel}","templated":true}]}}