{"id":105711,"date":"2023-08-01T14:32:49","date_gmt":"2023-08-01T17:32:49","guid":{"rendered":"https:\/\/www.actualidadadiario.com\/?p=105711"},"modified":"2023-08-01T14:32:49","modified_gmt":"2023-08-01T17:32:49","slug":"mas-de-800-artistas-e-intelectuales-apoyaran-a-la-massa-rossi-y-en-el-acto-podria-estar-cristina-kirchner","status":"publish","type":"post","link":"https:\/\/www.actualidadadiario.com\/index.php\/2023\/08\/01\/mas-de-800-artistas-e-intelectuales-apoyaran-a-la-massa-rossi-y-en-el-acto-podria-estar-cristina-kirchner\/","title":{"rendered":"M\u00e1s de 800 artistas e intelectuales apoyar\u00e1n a la Massa-Rossi y en el acto podr\u00eda estar Cristina Kirchner"},"content":{"rendered":"<p style=\"text-align: center;\"><em><strong>Cecilia Roth, Mex Urtizberea, Hern\u00e1n Brienza e Ignacio Copani se encuentran en la lista de 800 intelectuales y artistas que bendecir\u00e1n la f\u00f3rmula Massa-Rossi. Ser\u00e1 el pr\u00f3ximo lunes en un anfiteatro de la Ciudad de Buenos Aires. Estar\u00e1n presentes ambos candidatos en la semana final de cara a las PASO. Desde el comando de campa\u00f1a anticiparon que Cristina Kirchner podr\u00eda ser parte del evento<\/strong><\/em><\/p>\n<p>&nbsp;<\/p>\n<p>&nbsp;<\/p>\n<p>Un grupo de 800 intelectuales, artistas, personalidades e integrantes del \u00e1mbito acad\u00e9mico bendecir\u00e1n la f\u00f3rmula Sergio Massa-Agust\u00edn Rossi. Organizaron un acto donde estar\u00e1n presentes ambos candidatos en la semana final de cara a las PASO del 13 de agosto. Ser\u00e1 el pr\u00f3ximo lunes a las 19 horas, en un anfiteatro de la Ciudad de Buenos Aires. Desde el comando de campa\u00f1a anticiparon que Cristina Kirchner podr\u00eda ser parte del evento.<\/p>\n<p>Mex Urtizberea, Cecilia Roth, Rita Cortese, Cecilia Rossetto, Alejandro Apo, Ignacio Copani, Osvaldo Santoro, Gustavo Garz\u00f3n, Jean Pierre Noher, Carolina Papaleo, los principales nombres del mundo art\u00edstico que estar\u00e1n presentes.<\/p>\n<p>El lugar a\u00fan no est\u00e1 100% confirmado. Hay dos posibilidades, seg\u00fan pudo averiguar El Destape: el Teatro Empire, en el barrio de Congreso, o el anfiteatro de un sindicato. En un principio se especulaba con realizarlo en el Teatro Picadero, pero se descart\u00f3 ante la importante convocatoria. Desde el entorno de la Vicepresidenta comunicaron a este portal que se est\u00e1 evaluando la participaci\u00f3n de CFK en el acto y se har\u00e1 oficial una vez que est\u00e9 confirmado el lugar y en caso de que est\u00e9n dadas las condiciones para que asista.<\/p>\n<p>Sergio Massa y Agust\u00edn Rossi ser\u00e1n los protagonistas del evento, que estaba pautado para realizarse este jueves 3 de agosto pero se pas\u00f3 para la semana que viene por complicaciones en la agenda del tigrense. Massa esta semana estar\u00e1 de campa\u00f1a por el pa\u00eds. Visitar\u00e1 las provincias de Mendoza, San Luis y C\u00f3rdoba. En esta \u00faltima estar\u00e1 en la capital y en R\u00edo Cuarto. Terru\u00f1o siempre hostil para el kirchnerismo, Massa llega tras el discurso antiporte\u00f1o de Mart\u00edn Llaryora, nuevo gobernador de la provincia.<\/p>\n<p>Otros nombres del Excel de 800 adhesiones a la f\u00f3rmula Massa-Rossi y que estar\u00e1n en el acto son Taty Almeida (Madres de Plaza de Mayo), Dora Barrancos (CONICET y asesora de Alberto Fern\u00e1ndez), Ricardo Forster (tambi\u00e9n asesor del Presidente), Daniel Filmus (ministro de Ciencia), Florencia Saintout (Presidenta del Instituto Cultural de la provincia de Buenos Aires), Nahuel Sosa (titular del programa Argentina Futura), Mar\u00eda Seoane (escritora y periodista), Trist\u00e1n Bauer (ministro de Cultura), Glenn Postolski (UBA), Eduardo Jozami (intelectual de Carta Abierta), Cynthia Garc\u00eda (periodista), Juan Sasturain (director de la Biblioteca Nacional), Jaime Sorin (Decano de Arquitectura UNDAV), Hern\u00e1n Brienza (historiador), Edgardo Mocca (polit\u00f3logo),\u00a0 Graciela Morgade (investigadora de la Facultad de Filosof\u00eda y Letras UBA), Mariano Hamilton (periodista), Bernarda Llorente (presidente de Telam), Artemio L\u00f3pez (consultor pol\u00edtico), Mercedes Marc\u00f3 Del Pont (secretaria de Asuntos Estrat\u00e9gicos de la Presidencia) y Marina Salzmann (investigadora del Centro Atenea), entre otros.<\/p>\n<p>La semana pasada empez\u00f3 a girar en los n\u00facleos de intelectuales y artistas argentinos un texto de adhesi\u00f3n a la f\u00f3rmula, que luego se convirti\u00f3 en este acto con Massa y Rossi. Fueron firmando uno a uno al girar d\u00eda a d\u00eda por WhatsApp. Entre los p\u00e1rrafos m\u00e1s importantes de ese documento, las personalidades expresaron: &#8220;Nos encontramos en apoyo a la f\u00f3rmula encabezada por Sergio Massa y Agust\u00edn Rossi que expresa el esp\u00edritu de unidad de las fuerzas populares que integran Uni\u00f3n por la Patria. Una vez m\u00e1s los argentinos y las argentinas nos disponemos a ejercer nuestro derecho a elegir a quienes ser\u00e1n los depositarios de nuestras esperanzas, de nuestros deseos y de nuestros sue\u00f1os&#8221;.<\/p>\n<p>Hicieron foco en los 40 a\u00f1os de democracia que se cumplen el 10 de diciembre: &#8220;La democracia es el tejido que se entrelaza con los hilos de la memoria y las propuestas de futuro, como un espacio y una forma de construcci\u00f3n colectiva permanente \u2014no solo al momento de celebraci\u00f3n de las elecciones\u2014 para lograr mejoras en las condiciones de vida de todas y todos. Saber escuchar las nuevas voces, las frustraciones, los miedos y los enojos es siempre el desaf\u00edo de la democracia que debe ser capaz de reinventarse y solidificarse ante las amenazas de aquellos que utilizando palabras y s\u00edmbolos propios de tradiciones democr\u00e1ticas las reconvierten en favor de una profunda regresi\u00f3n social, pol\u00edtica, econ\u00f3mica y cultural&#8221;.<\/p>\n<p>Dedicaron tambi\u00e9n un apartado especial a la figura de Cristina Kirchner y con foco en atentado perpetrado contra la vice: &#8220;La democracia tambi\u00e9n se vac\u00eda cuando reaparece la violencia encarnada en el intento de asesinato de la ex Presidenta de la Naci\u00f3n -expresi\u00f3n de uno de los mayores liderazgos de la historia argentina-, que no ha suscitado un repudio masivo del conjunto de las fuerzas pol\u00edticas ni una genuina investigaci\u00f3n judicial que logre llegar hasta el hueso de los ide\u00f3logos del intento de magnicidio. Democracia es verdadera justicia independiente y un poder judicial que no responda a intereses corporativos ni act\u00fae como si fuera una r\u00e9mora mon\u00e1rquica&#8221;.<\/p>\n<p>Recalcaron tambi\u00e9n en el escrito la persecuci\u00f3n judicial hacia ella: &#8220;La continua y persistente persecuci\u00f3n a Cristina Fern\u00e1ndez de Kirchner no es otra cosa que el intento de proscribirla y de impedir que siga jugando el rol de liderazgo del campo popular&#8221;. Y destacaron el trabajo de CFK para impulsar la f\u00f3rmula de Uni\u00f3n por la Patria: &#8220;Su compromiso y su perspectiva estrat\u00e9gica han permitido que la f\u00f3rmula integrada por Sergio Massa y Agust\u00edn Rossi sea la que pueda llevar adelante el sue\u00f1o de una sociedad con una democracia siempre ampliada, m\u00e1s justa y soberana&#8221;.<\/p>\n<p>Por otro lado, criticaron el avance de la derecha: &#8220;Es contra este n\u00facleo central de la vida democr\u00e1tica contra el que se alzan las fuerzas reaccionarias de matriz neoliberal que buscan horadarla hasta vaciarla de todo contenido emancipatorio. No hay libertad genuina sin igualdad ni democracia real sin una econom\u00eda puesta al servicio de las mayor\u00edas&#8221;. Y afirmaron sobre la elecci\u00f3n venidera: &#8220;En las pr\u00f3ximas elecciones se dirimen dos proyectos antag\u00f3nicos de naci\u00f3n.<\/p>\n<p>\u201cEl que nosotros\/as defendemos, el que representa a las grandes tradiciones pol\u00edticas populares que se sintetizan en el peronismo, el kirchnerismo y en esas otras fuerzas herederas de las izquierdas y el amplio espectro del progresismo que forman parte de Uni\u00f3n por la Patria, el que logr\u00f3 sacar a la Argentina de la tragedia social y econ\u00f3mica del 2001 a partir de mayo de 2003 inaugurando 12 a\u00f1os de reparaci\u00f3n de un pa\u00eds devastado por el neoliberalismo&#8221;, marcaron.<\/p>\n<p>El documento cierra con un mensaje a la deuda con el FMI, con las deuda pendientes del gobierno de Alberto Fern\u00e1ndez y el compromiso de militar la f\u00f3rmula Massa-Rossi: &#8220;Sabemos que todav\u00eda queda una deuda fundamental con las grandes mayor\u00edas populares en t\u00e9rminos de recuperaci\u00f3n del poder adquisitivo de los salarios, de una mejor y m\u00e1s equitativa distribuci\u00f3n de la riqueza y de un mayor crecimiento del empleo para que todos los trabajadores tengan acceso a los derechos que nuestra constituci\u00f3n nacional establece. Deuda que nuestro pr\u00f3ximo gobierno tendr\u00e1 que resolver sabiendo que deber\u00e1 enfrentar intereses poderosos de afuera -el FMI y sus condicionamientos- y de adentro -los grupos econ\u00f3micos y medi\u00e1ticos formadores de precios y grandes responsables de la inflaci\u00f3n-&#8220;.<\/p>\n<p>Y concluye: &#8220;Ese es el desaf\u00edo: profundizar la potencia democr\u00e1tica en consonancia con un proyecto de naci\u00f3n soberana y federal que sea capaz de poner la econom\u00eda al servicio del pueblo. Estamos convencidos de que es la f\u00f3rmula encabezada por Sergio Massa y Agust\u00edn Rossi, la \u00fanica que expresa el esp\u00edritu de unidad de las fuerzas populares que integran Uni\u00f3n por la Patria y que puede llevar adelante este desaf\u00edo, por eso cuenta con nuestro apoyo, acompa\u00f1amiento y compromiso militante en las pr\u00f3ximas elecciones&#8221;.<\/p>\n","protected":false},"excerpt":{"rendered":"<p>Cecilia Roth, Mex Urtizberea, Hern\u00e1n Brienza e Ignacio Copani se encuentran en la lista de 800 intelectuales y artistas que bendecir\u00e1n la f\u00f3rmula Massa-Rossi. Ser\u00e1 el pr\u00f3ximo lunes en un anfiteatro de la Ciudad de Buenos Aires. Estar\u00e1n presentes ambos candidatos en la semana final de cara a las PASO. Desde el comando de campa\u00f1a anticiparon que Cristina Kirchner podr\u00eda ser parte del evento &nbsp; &nbsp; Un grupo de 800 intelectuales, artistas, personalidades e integrantes del \u00e1mbito acad\u00e9mico bendecir\u00e1n la f\u00f3rmula Sergio Massa-Agust\u00edn Rossi. Organizaron un acto donde estar\u00e1n presentes&#8230;<\/p>\n","protected":false},"author":3,"featured_media":105712,"comment_status":"closed","ping_status":"closed","sticky":false,"template":"","format":"standard","meta":[],"categories":[18],"tags":[],"_links":{"self":[{"href":"https:\/\/www.actualidadadiario.com\/index.php\/wp-json\/wp\/v2\/posts\/105711"}],"collection":[{"href":"https:\/\/www.actualidadadiario.com\/index.php\/wp-json\/wp\/v2\/posts"}],"about":[{"href":"https:\/\/www.actualidadadiario.com\/index.php\/wp-json\/wp\/v2\/types\/post"}],"author":[{"embeddable":true,"href":"https:\/\/www.actualidadadiario.com\/index.php\/wp-json\/wp\/v2\/users\/3"}],"replies":[{"embeddable":true,"href":"https:\/\/www.actualidadadiario.com\/index.php\/wp-json\/wp\/v2\/comments?post=105711"}],"version-history":[{"count":1,"href":"https:\/\/www.actualidadadiario.com\/index.php\/wp-json\/wp\/v2\/posts\/105711\/revisions"}],"predecessor-version":[{"id":105713,"href":"https:\/\/www.actualidadadiario.com\/index.php\/wp-json\/wp\/v2\/posts\/105711\/revisions\/105713"}],"wp:featuredmedia":[{"embeddable":true,"href":"https:\/\/www.actualidadadiario.com\/index.php\/wp-json\/wp\/v2\/media\/105712"}],"wp:attachment":[{"href":"https:\/\/www.actualidadadiario.com\/index.php\/wp-json\/wp\/v2\/media?parent=105711"}],"wp:term":[{"taxonomy":"category","embeddable":true,"href":"https:\/\/www.actualidadadiario.com\/index.php\/wp-json\/wp\/v2\/categories?post=105711"},{"taxonomy":"post_tag","embeddable":true,"href":"https:\/\/www.actualidadadiario.com\/index.php\/wp-json\/wp\/v2\/tags?post=105711"}],"curies":[{"name":"wp","href":"https:\/\/api.w.org\/{rel}","templated":true}]}}