{"id":10571,"date":"2017-04-26T09:25:25","date_gmt":"2017-04-26T12:25:25","guid":{"rendered":"http:\/\/actualidadadiario.com\/site\/?p=10571"},"modified":"2017-04-26T09:25:25","modified_gmt":"2017-04-26T12:25:25","slug":"abriran-la-inscripcion-al-registro-de-adoptantes","status":"publish","type":"post","link":"https:\/\/www.actualidadadiario.com\/index.php\/2017\/04\/26\/abriran-la-inscripcion-al-registro-de-adoptantes\/","title":{"rendered":"Abrir\u00e1n la inscripci\u00f3n al registro de adoptantes"},"content":{"rendered":"<p><em><strong>En mayo habr\u00e1 una nueva convocatoria para inscripci\u00f3n en el Registro \u00danico de Aspirantes a Guarda con fines Adoptivos<\/strong><\/em><\/p>\n<p>&nbsp;<\/p>\n<p>&nbsp;<\/p>\n<p>&nbsp;<\/p>\n<p>Por segunda vez en el a\u00f1o se abrir\u00e1 el plazo para inscribirse al Registro \u00danico de Aspirantes a Guarda con Fines Adoptivos. Ser\u00e1 desde el pr\u00f3ximo martes 2 de mayo y por un plazo de diez d\u00edas h\u00e1biles.<\/p>\n<p>Quienes deseen anotarse, deber\u00e1n concurrir en dicho plazo a la sede del Ruaer, ubicada en calle Santa Fe 278 de Paran\u00e1, o a la Defensor\u00eda P\u00fablica m\u00e1s cercana a su domicilio, acompa\u00f1ando DNI y documentaci\u00f3n que acredite su domicilio actual y una residencia efectiva en la provincia de Entre R\u00edos por un t\u00e9rmino no menor a los dos a\u00f1os.<\/p>\n<p>&nbsp;<\/p>\n<p>Acreditado esto, se les notificar\u00e1 la fecha, hora y lugar de un encuentro informativo que ser\u00e1 grupal y obligatorio y estar\u00e1 a cargo de los profesionales del Registro, en el cual se brindar\u00e1n datos referentes al tr\u00e1mite que involucra la inscripci\u00f3n, como as\u00ed tambi\u00e9n la realidad provincial en materia de adopci\u00f3n.<\/p>\n<p>&nbsp;<\/p>\n<p>Posteriormente, quienes asistan quedar\u00e1n habilitados para presentar el formulario de declaraci\u00f3n jurada de solicitud de inscripci\u00f3n y cumplimentar con la totalidad de los requisitos previstos por la ley para ello, que pueden consultarse en la p\u00e1gina del Ruaer en el link.<\/p>\n<p>&nbsp;<\/p>\n<p>Cumplida esta etapa, el tr\u00e1mite contin\u00faa conforme lo establecido legalmente, siendo el siguiente paso la evaluaci\u00f3n a cargo del equipo t\u00e9cnico interdisciplinario, tal como se viene realizando normalmente.<\/p>\n<p>&nbsp;<\/p>\n<p>Por cualquier consulta los interesados pueden comunicarse con el Ruaer, de lunes a viernes de 7 a 13 hs. a los tel\u00e9fonos (0343) \u2013 4209575\/576 o via mail a <a href=\"mailto:ruaer@jusentrerios.gov.ar.-\">ruaer@jusentrerios.gov.ar.-<\/a><\/p>\n","protected":false},"excerpt":{"rendered":"<p>En mayo habr\u00e1 una nueva convocatoria para inscripci\u00f3n en el Registro \u00danico de Aspirantes a Guarda con fines Adoptivos &nbsp; &nbsp; &nbsp; Por segunda vez en el a\u00f1o se abrir\u00e1 el plazo para inscribirse al Registro \u00danico de Aspirantes a Guarda con Fines Adoptivos. Ser\u00e1 desde el pr\u00f3ximo martes 2 de mayo y por un plazo de diez d\u00edas h\u00e1biles. Quienes deseen anotarse, deber\u00e1n concurrir en dicho plazo a la sede del Ruaer, ubicada en calle Santa Fe 278 de Paran\u00e1, o a la Defensor\u00eda P\u00fablica m\u00e1s cercana a su&#8230;<\/p>\n","protected":false},"author":3,"featured_media":10572,"comment_status":"closed","ping_status":"closed","sticky":false,"template":"","format":"standard","meta":[],"categories":[15],"tags":[],"_links":{"self":[{"href":"https:\/\/www.actualidadadiario.com\/index.php\/wp-json\/wp\/v2\/posts\/10571"}],"collection":[{"href":"https:\/\/www.actualidadadiario.com\/index.php\/wp-json\/wp\/v2\/posts"}],"about":[{"href":"https:\/\/www.actualidadadiario.com\/index.php\/wp-json\/wp\/v2\/types\/post"}],"author":[{"embeddable":true,"href":"https:\/\/www.actualidadadiario.com\/index.php\/wp-json\/wp\/v2\/users\/3"}],"replies":[{"embeddable":true,"href":"https:\/\/www.actualidadadiario.com\/index.php\/wp-json\/wp\/v2\/comments?post=10571"}],"version-history":[{"count":1,"href":"https:\/\/www.actualidadadiario.com\/index.php\/wp-json\/wp\/v2\/posts\/10571\/revisions"}],"predecessor-version":[{"id":10573,"href":"https:\/\/www.actualidadadiario.com\/index.php\/wp-json\/wp\/v2\/posts\/10571\/revisions\/10573"}],"wp:featuredmedia":[{"embeddable":true,"href":"https:\/\/www.actualidadadiario.com\/index.php\/wp-json\/wp\/v2\/media\/10572"}],"wp:attachment":[{"href":"https:\/\/www.actualidadadiario.com\/index.php\/wp-json\/wp\/v2\/media?parent=10571"}],"wp:term":[{"taxonomy":"category","embeddable":true,"href":"https:\/\/www.actualidadadiario.com\/index.php\/wp-json\/wp\/v2\/categories?post=10571"},{"taxonomy":"post_tag","embeddable":true,"href":"https:\/\/www.actualidadadiario.com\/index.php\/wp-json\/wp\/v2\/tags?post=10571"}],"curies":[{"name":"wp","href":"https:\/\/api.w.org\/{rel}","templated":true}]}}