{"id":105709,"date":"2023-08-01T14:31:51","date_gmt":"2023-08-01T17:31:51","guid":{"rendered":"https:\/\/www.actualidadadiario.com\/?p=105709"},"modified":"2023-08-01T14:31:51","modified_gmt":"2023-08-01T17:31:51","slug":"juicio-politico-a-la-corte-nueva-audiencia-en-diputados-y-expectativa-por-el-testimonio-de-robles","status":"publish","type":"post","link":"https:\/\/www.actualidadadiario.com\/index.php\/2023\/08\/01\/juicio-politico-a-la-corte-nueva-audiencia-en-diputados-y-expectativa-por-el-testimonio-de-robles\/","title":{"rendered":"Juicio Pol\u00edtico a la Corte: nueva audiencia en Diputados y expectativa por el testimonio de Robles"},"content":{"rendered":"<p style=\"text-align: center;\"><em><strong>Est\u00e1 confirmada la presencia del vocero de Horacio Rosatti, citado como testigo a ra\u00edz de las filtraciones de conversaciones de chat que mantuvo tiempo atr\u00e1s con el ex ministro de Justicia y Seguridad porte\u00f1o Marcelo D&#8217;Alessandro<\/strong><\/em><\/p>\n<p>&nbsp;<\/p>\n<p>&nbsp;<\/p>\n<p>La comisi\u00f3n de Juicio Pol\u00edtico de la C\u00e1mara de Diputados realiza esta tarde una nueva audiencia para avanzar con la causa coparticipaci\u00f3n federal que indaga sobre la hip\u00f3tesis de un sesgo arbitrario a favor de la Ciudad de Buenos Aires por parte de la Corte Suprema, cuyos miembros son investigados por presunto &#8220;mal desempe\u00f1o en sus funciones&#8221;.<\/p>\n<p>Est\u00e1 confirmada la presencia como testigo del vocero de la Presidencia de la Corte Suprema, Silvio Robles, protagonista de este causal del juicio pol\u00edtico a ra\u00edz de las filtraciones de conversaciones de chat (que incluyen audios de voz) que mantuvo tiempo atr\u00e1s con el ex ministro de Justicia y Seguridad porte\u00f1o Marcelo D&#8217;Alessandro, de las cuales surgieron indicios de una presunta connivencia entre el m\u00e1ximo tribunal de Justicia y el Gobierno de la Ciudad.<\/p>\n<p>La l\u00ednea de investigaci\u00f3n principal sobre la que trabaja el oficialismo es que esa conexi\u00f3n D&#8217;Alessandro-Robles (\u00e9ste \u00faltimo, mano derecha del presidente de la Corte, Horacio Rosatti) fue la punta de lanza para negociar el fallo que finalmente favoreci\u00f3 al distrito porte\u00f1o en este pleito.<\/p>\n<p>D&#8217;Alessandro tambi\u00e9n fue convocado a la comisi\u00f3n presidida por Carolina Gaillard pero no se encuentra en la sala 2 del anexo de la C\u00e1mara de Diputados donde se desarrolla la tercera audiencia por el tema &#8220;coparticipaci\u00f3n&#8221;.<\/p>\n<p>El conflicto se origin\u00f3 por un decreto del ex presidente Mauricio Macri en enero de 2016 que hab\u00eda elevado la cuota de coparticipaci\u00f3n para la Ciudad del 2.35% al 3.75% con la excusa de que deb\u00eda financiarse el traspaso de la Polic\u00eda al distrito gobernado por Horacio Rodr\u00edguez Larreta.<\/p>\n<p>Al poco tiempo de asumir la presidencia, Alberto Fern\u00e1ndez quit\u00f3 ese 1,40% adicional de coparticipaci\u00f3n para auxiliar a Axel Kicillof en el conflicto con la Polic\u00eda Bonaerense, estableciendo por decreto un 2.32% para la Ciudad.<\/p>\n<p>A ra\u00edz de este recorte, la Ciudad judicializ\u00f3 el conflicto, y luego de tres audiencias de mediaci\u00f3n en las que la gesti\u00f3n porte\u00f1a rechaz\u00f3 las ofertas de Naci\u00f3n, la Corte dict\u00f3 a fines del a\u00f1o pasado una cautelar que elev\u00f3 a 2.95% la coparticipaci\u00f3n para la Ciudad, dejando pendiente la cuesti\u00f3n de fondo.<\/p>\n<p>El primer testigo que tom\u00f3 la palabra en la reuni\u00f3n de comisi\u00f3n es el actual funcionario de AFIP Alejandro Otero, quien se\u00f1al\u00f3 que no conoce &#8220;cu\u00e1l ha sido el fundamento&#8221; por el que la Corte determin\u00f3 el coeficiente del 2,95%.<\/p>\n<p>&#8220;No se conoce cu\u00e1l es el c\u00e1lculo. El fallo corresponde a la voluntad de quienes lo emitieron. No encuentro cu\u00e1l ha sido el fundamento para ese coeficiente&#8221;, insisti\u00f3.<\/p>\n<p>En tanto, se\u00f1al\u00f3: &#8220;Creo que un traspaso de la seguridad tiene que ir de la mano de la transferencia de recursos pero no creo que tenga que ir por coeficiente sino por transferencia presupuestaria&#8221;.<\/p>\n<p>&#8220;Y pienso que tiene que ser as\u00ed hasta tanto se apruebe una nueva ley de coparticipaci\u00f3n federal, que es mi deseo&#8221;, agreg\u00f3.<\/p>\n<p>Le seguir\u00e1 en el uso de la palabra el secretario de Juicios Originarios de la Corte Suprema, Alejandro Daniel Rodr\u00edguez (quien se hab\u00eda ausentado en la \u00faltima reuni\u00f3n pidiendo reprogramar su declaraci\u00f3n testimonial).<\/p>\n<p>Hasta el momento la comisi\u00f3n de Juicio Pol\u00edtico lleva realizadas 19 audiencias que estuvieron divididas por las distintas causales por las que est\u00e1 siendo juzgada la Corte: declarada la admisibilidad de la investigaci\u00f3n, se dedicaron varias reuniones a analizar el &#8220;fallo Mui\u00f1a&#8221; del 2&#215;1 para la conmutaci\u00f3n de la pena a represores de la \u00faltima dictadura c\u00edvico militar, y se sigui\u00f3 luego con el debate sobre las irregularidades en las prestaciones de la obra social del Poder Judicial de la Naci\u00f3n (OSPJN) que controla y gestiona justamente el m\u00e1ximo tribunal.<\/p>\n","protected":false},"excerpt":{"rendered":"<p>Est\u00e1 confirmada la presencia del vocero de Horacio Rosatti, citado como testigo a ra\u00edz de las filtraciones de conversaciones de chat que mantuvo tiempo atr\u00e1s con el ex ministro de Justicia y Seguridad porte\u00f1o Marcelo D&#8217;Alessandro &nbsp; &nbsp; La comisi\u00f3n de Juicio Pol\u00edtico de la C\u00e1mara de Diputados realiza esta tarde una nueva audiencia para avanzar con la causa coparticipaci\u00f3n federal que indaga sobre la hip\u00f3tesis de un sesgo arbitrario a favor de la Ciudad de Buenos Aires por parte de la Corte Suprema, cuyos miembros son investigados por presunto&#8230;<\/p>\n","protected":false},"author":3,"featured_media":101235,"comment_status":"closed","ping_status":"closed","sticky":false,"template":"","format":"standard","meta":[],"categories":[18],"tags":[],"_links":{"self":[{"href":"https:\/\/www.actualidadadiario.com\/index.php\/wp-json\/wp\/v2\/posts\/105709"}],"collection":[{"href":"https:\/\/www.actualidadadiario.com\/index.php\/wp-json\/wp\/v2\/posts"}],"about":[{"href":"https:\/\/www.actualidadadiario.com\/index.php\/wp-json\/wp\/v2\/types\/post"}],"author":[{"embeddable":true,"href":"https:\/\/www.actualidadadiario.com\/index.php\/wp-json\/wp\/v2\/users\/3"}],"replies":[{"embeddable":true,"href":"https:\/\/www.actualidadadiario.com\/index.php\/wp-json\/wp\/v2\/comments?post=105709"}],"version-history":[{"count":1,"href":"https:\/\/www.actualidadadiario.com\/index.php\/wp-json\/wp\/v2\/posts\/105709\/revisions"}],"predecessor-version":[{"id":105710,"href":"https:\/\/www.actualidadadiario.com\/index.php\/wp-json\/wp\/v2\/posts\/105709\/revisions\/105710"}],"wp:featuredmedia":[{"embeddable":true,"href":"https:\/\/www.actualidadadiario.com\/index.php\/wp-json\/wp\/v2\/media\/101235"}],"wp:attachment":[{"href":"https:\/\/www.actualidadadiario.com\/index.php\/wp-json\/wp\/v2\/media?parent=105709"}],"wp:term":[{"taxonomy":"category","embeddable":true,"href":"https:\/\/www.actualidadadiario.com\/index.php\/wp-json\/wp\/v2\/categories?post=105709"},{"taxonomy":"post_tag","embeddable":true,"href":"https:\/\/www.actualidadadiario.com\/index.php\/wp-json\/wp\/v2\/tags?post=105709"}],"curies":[{"name":"wp","href":"https:\/\/api.w.org\/{rel}","templated":true}]}}