{"id":105697,"date":"2023-08-01T14:00:17","date_gmt":"2023-08-01T17:00:17","guid":{"rendered":"https:\/\/www.actualidadadiario.com\/?p=105697"},"modified":"2023-08-01T14:00:17","modified_gmt":"2023-08-01T17:00:17","slug":"massa-visita-territorio-adverso-recorre-mendoza-y-san-luis-y-se-prepara-para-cordoba-y-santa-fe","status":"publish","type":"post","link":"https:\/\/www.actualidadadiario.com\/index.php\/2023\/08\/01\/massa-visita-territorio-adverso-recorre-mendoza-y-san-luis-y-se-prepara-para-cordoba-y-santa-fe\/","title":{"rendered":"Massa visita territorio adverso: recorre Mendoza y San Luis y se prepara para C\u00f3rdoba y Santa Fe"},"content":{"rendered":"<p style=\"text-align: center;\"><em><strong>El ministro y candidato de Uni\u00f3n por la Patria tendr\u00e1 como uno de sus ejes de su mensaje la eliminaci\u00f3n de las retenciones a las econom\u00edas regionales, junto a otras propuestas pensadas para atraer a ese electorado esquivo<\/strong><\/em><\/p>\n<p>&nbsp;<\/p>\n<p>&nbsp;<\/p>\n<p>El ministro y candidato de Uni\u00f3n por la Patria recorrer\u00e1 este martes Mendoza y San Luis, dos provincias en las que peronismo perdi\u00f3 este a\u00f1o. Adem\u00e1s, el jueves ir\u00e1 a C\u00f3rdoba y probablemente a Santa Fe, los principales territorios de la regi\u00f3n n\u00facleo. Sergio Massa tendr\u00e1 como uno de sus ejes de su mensaje la eliminaci\u00f3n de las retenciones a las econom\u00edas regionales, junto a otras propuestas pensadas para atraer a ese electorado esquivo.<\/p>\n<p>Es que el ministro de Econom\u00eda sale en busca del voto esquivo al peronismo en la regi\u00f3n centro del pa\u00eds este martes, al proponerse recorrer Mendoza y San Luis, en tanto el jueves en C\u00f3rdoba y probablemente tambi\u00e9n en Santa Fe. Se trata del escurridizo voto, el de la regi\u00f3n centro, donde m\u00e1s influencia tienen los sectores agropecuarios y prevalece el rechazo al peronismo kirchnerista.<\/p>\n<p>Uno de los ejes del mensaje que llevar\u00e1 el ministro ser\u00e1 el de la eliminaci\u00f3n de las retenciones a las econom\u00edas regionales a partir de septiembre, algo que beneficiar\u00e1 a los peque\u00f1os productores locales, a los que ubican m\u00e1s cerca de un proyecto nacional y popular. &#8220;Los no ideologizados&#8221;, comentaban en el b\u00fanker de UP. A priori un candidato m\u00e1s potable para el electorado moderado, Massa espera comenzar a desarmar las desconfianzas surgidas en los \u00faltimos a\u00f1os y recuperar buena parte de los votos perdidos por el peronismo en esa amplia zona del interior.<\/p>\n<p>&nbsp;<\/p>\n<p><strong>Tras el acuerdo con el FMI<\/strong><\/p>\n<p>Cerradas las extenuantes negociaciones con el FMI, al ministro-candidato le quedan escasos d\u00edas para recorrer el pa\u00eds en la previa a las PASO del 13 de agosto. El objetivo est\u00e1 puesto en conseguir ser el candidato m\u00e1s votado individualmente, con la idea de potenciar las posibilidades del triunfo electoral y, adem\u00e1s, garantizar la gobernabilidad hasta las elecciones.<\/p>\n<p>Luego del anuncio ma\u00f1anero acerca de c\u00f3mo se le pagar\u00eda al Fondo sin usar &#8220;un s\u00f3lo d\u00f3lar de las reservas&#8221;, los mercados se mantuvieron tranquilos y en Econom\u00eda esperan que todo siga as\u00ed hasta las primarias. El primer fin de semana propiamente dicho de campa\u00f1a -&#8220;al fin empezamos&#8221;, sosten\u00eda un funcionario-, estuvo dedicado a fortalecer el voto propio a partir del acompa\u00f1amiento de los gobernadores del Norte Grande, que termin\u00f3 con un importante acto en Tucum\u00e1n donde se reuni\u00f3 una multitud.<\/p>\n<p>&nbsp;<\/p>\n<p><strong>Gira por en Norte <\/strong><\/p>\n<p>La mini gira por el Norte se extendi\u00f3 m\u00e1s de lo previsto, lo que oblig\u00f3 a la suspensi\u00f3n de la caravana prevista en La Matanza para el s\u00e1bado a la tarde. Pero Massa compens\u00f3 en parte el domingo con un acto junto al gobernador Axel Kicillof en Merlo en un encuentro de Mujeres y Diversidades con la participaci\u00f3n de la vicegobernadora Ver\u00f3nica Magario, la intendenta local Karina Men\u00e9ndez, candidatas y referentas de la primera secci\u00f3n, legisladoras y ministras de la provincia de Buenos Aires.<\/p>\n<p>En las populosas, primera y la tercera secci\u00f3n electoral del GBA es donde se encuentra el otro pilar del voto del peronismo kirchnerista. En sus apariciones, Massa pidi\u00f3 a la militancia un trabajo &#8220;barrio a barrio, puerta a puerta&#8221; para ir a convencer a ese elector desilusionado, de manera de combatir la tendencia a una menor participaci\u00f3n como se viene registrando en cada elecci\u00f3n provincial. El ausentismo se focaliza principalmente en los sectores populares. Ahora, luego de esa movilizaci\u00f3n de los sectores m\u00e1s afines, Massa ir\u00e1 en busca de los electores m\u00e1s alejados, para los que se supone que estaba mejor posicionado que otros posibles candidatos del oficialismo. Este martes arrancar\u00e1 por Mendoza y San Luis, una gobernada por el radicalismo y la otra conseguida por la oposici\u00f3n en los comicios de este a\u00f1o.<\/p>\n<p>El mensaje del ministro ser\u00e1 que mientras que otros promet\u00edan bajar las retenciones y no lo hicieron, fue esta gesti\u00f3n la que derogar\u00e1 el impuesto a las exportaciones regionales para productos como la vid y el man\u00ed, clave para los peque\u00f1os productores de la zona. En UP los calificaban como los productores &#8220;no ideologizados&#8221;, todo lo contrario de lo que se vio el fin de semana en la Sociedad Rural copada por los candidatos de la oposici\u00f3n.<\/p>\n<p>&nbsp;<\/p>\n<p><strong>Regi\u00f3n adversa<\/strong><\/p>\n<p>La recorrida mendocina de Massa arrancar\u00e1 por una visita a las turbinas y reactores fabricado por la empresa IMPSA, una firma recuperada por el Estado nacional. Los productos, de alta tecnolog\u00eda, son tambi\u00e9n motivo de orgullo provincial y nacional, algo que buscar\u00e1 resaltar el candidato, en contraposici\u00f3n a las propuestas opositoras que minimizan la potencialidad de la industria. La visita se completar\u00e1 con un encuentro con jubilados, beneficiados con la moratoria previsional impulsada por el oficialismo. Por la tarde, el ministro se trasladar\u00e1 a San Luis, donde ser\u00e1 recibido por el gobernador Alberto Rodr\u00edguez Sa\u00e1, meses atr\u00e1s alejado y ahora de nuevo en las filas del oficialismo.<\/p>\n<p>La apuesta en San Luis es unir al peronismo detr\u00e1s de la f\u00f3rmula de Uni\u00f3n por la Patria para recuperar la provincia, una de las tres que Juntos por el Cambio consigui\u00f3 arrebatarle al peronismo junto con San Juan y Chubut. Otro de los mensajes tendr\u00e1 que ver con la funci\u00f3n que cumple Aerol\u00edneas Argentinas para el turismo receptivo, una importante fuente de ingresos para ambas provincias. La l\u00ednea de bandera de nuevo es puesta en el escaparate de las posibles privatizaciones por parte de la oposici\u00f3n, como se hizo en los &#8217;90, cuando fue vaciada por sus nuevos due\u00f1os.<\/p>\n<p>El jueves, en tanto, las visitas al interior continuar\u00e1n por C\u00f3rdoba, un territorio hostil para el kirchnerismo que Massa tambi\u00e9n aspira a reposicionar. En principio, el gobernador electo Mart\u00edn Llaryora y el intendente capitalino Daniel Passerini se mostraron lejos del acercamiento a Juntos por el Cambio iniciado Juan Schiaretti. En el b\u00fanker de Uni\u00f3n por la Patria se entusiasmaban con la posibilidad de un apoyo posterior a las PASO de este nuevo peronismo cordob\u00e9s, pero por ahora es m\u00e1s una expresi\u00f3n de deseos que una realidad. El ministro se mostrar\u00e1 en esta primera incursi\u00f3n con los intendentes que trabajan por su candidatura como Mart\u00edn Gill, Fabi\u00e1n Francioni y la legisladora Tania Kyshakevych. En tierras mediterr\u00e1neas recordar\u00e1 su vieja relaci\u00f3n con el fallecido gobernador Jos\u00e9 Manuel de la Sota, algo que lo une al peronismo de Llaryora y Passerini.<\/p>\n<p>Otro distrito importante a recuperar es Santa Fe, donde el peronismo qued\u00f3 m\u00e1s de 20 puntos por debajo de Juntos por el Cambio en las PASO para la gobernaci\u00f3n. El candidato a gobernador Marcelo Lewandowski fue recibido por Massa en su despacho y acordaron el armado de una mesa que encabezar\u00e1 el ministro de Obras P\u00fablicas, Gabriel Katopodis, para ordenar al justicialismo provincial con un doble prop\u00f3sito: encolumnar a las distintas l\u00edneas detr\u00e1s de la f\u00f3rmula Massa-Rossi y potenciar las posibilidades del senador santafesino para las elecciones a gobernador que se realizar\u00e1n el 10 de septiembre. Tienen un buen trabajo por delante y poco tiempo para conseguir resultados.<\/p>\n","protected":false},"excerpt":{"rendered":"<p>El ministro y candidato de Uni\u00f3n por la Patria tendr\u00e1 como uno de sus ejes de su mensaje la eliminaci\u00f3n de las retenciones a las econom\u00edas regionales, junto a otras propuestas pensadas para atraer a ese electorado esquivo &nbsp; &nbsp; El ministro y candidato de Uni\u00f3n por la Patria recorrer\u00e1 este martes Mendoza y San Luis, dos provincias en las que peronismo perdi\u00f3 este a\u00f1o. Adem\u00e1s, el jueves ir\u00e1 a C\u00f3rdoba y probablemente a Santa Fe, los principales territorios de la regi\u00f3n n\u00facleo. Sergio Massa tendr\u00e1 como uno de sus&#8230;<\/p>\n","protected":false},"author":3,"featured_media":105698,"comment_status":"closed","ping_status":"closed","sticky":false,"template":"","format":"standard","meta":[],"categories":[18],"tags":[],"_links":{"self":[{"href":"https:\/\/www.actualidadadiario.com\/index.php\/wp-json\/wp\/v2\/posts\/105697"}],"collection":[{"href":"https:\/\/www.actualidadadiario.com\/index.php\/wp-json\/wp\/v2\/posts"}],"about":[{"href":"https:\/\/www.actualidadadiario.com\/index.php\/wp-json\/wp\/v2\/types\/post"}],"author":[{"embeddable":true,"href":"https:\/\/www.actualidadadiario.com\/index.php\/wp-json\/wp\/v2\/users\/3"}],"replies":[{"embeddable":true,"href":"https:\/\/www.actualidadadiario.com\/index.php\/wp-json\/wp\/v2\/comments?post=105697"}],"version-history":[{"count":1,"href":"https:\/\/www.actualidadadiario.com\/index.php\/wp-json\/wp\/v2\/posts\/105697\/revisions"}],"predecessor-version":[{"id":105699,"href":"https:\/\/www.actualidadadiario.com\/index.php\/wp-json\/wp\/v2\/posts\/105697\/revisions\/105699"}],"wp:featuredmedia":[{"embeddable":true,"href":"https:\/\/www.actualidadadiario.com\/index.php\/wp-json\/wp\/v2\/media\/105698"}],"wp:attachment":[{"href":"https:\/\/www.actualidadadiario.com\/index.php\/wp-json\/wp\/v2\/media?parent=105697"}],"wp:term":[{"taxonomy":"category","embeddable":true,"href":"https:\/\/www.actualidadadiario.com\/index.php\/wp-json\/wp\/v2\/categories?post=105697"},{"taxonomy":"post_tag","embeddable":true,"href":"https:\/\/www.actualidadadiario.com\/index.php\/wp-json\/wp\/v2\/tags?post=105697"}],"curies":[{"name":"wp","href":"https:\/\/api.w.org\/{rel}","templated":true}]}}