{"id":105695,"date":"2023-08-01T13:59:13","date_gmt":"2023-08-01T16:59:13","guid":{"rendered":"https:\/\/www.actualidadadiario.com\/?p=105695"},"modified":"2023-08-01T13:59:13","modified_gmt":"2023-08-01T16:59:13","slug":"escala-la-pelea-en-jxc-larreta-va-por-manes-y-vidal-mientras-bullrich-quiere-olvidar-el-blindaje-gate","status":"publish","type":"post","link":"https:\/\/www.actualidadadiario.com\/index.php\/2023\/08\/01\/escala-la-pelea-en-jxc-larreta-va-por-manes-y-vidal-mientras-bullrich-quiere-olvidar-el-blindaje-gate\/","title":{"rendered":"Escala la pelea en JXC: Larreta va por Manes y Vidal, mientras Bullrich quiere olvidar el blindaje gate"},"content":{"rendered":"<p style=\"text-align: center;\"><em><strong>Pese al escenario de triunfo en Chubut, los presidenciables de JXC no aflojan. Larreta se mostrar\u00e1 con Manes, otro candidato, en la provincia de Buenos Aires, espera un pronunciamiento de Vidal en su favor y prepara m\u00e1s spots. Bullrich, en tanto, busca superar la analog\u00eda con De la R\u00faa y sigue con recorridas<\/strong><\/em><\/p>\n<p>&nbsp;<\/p>\n<p>&nbsp;<\/p>\n<p>Quedan menos de dos semanas para las PASO y, a pesar de la foto de unidad que lograron en Chubut, los candidatos presidenciales de Juntos por el Cambio contin\u00faan en guerra. Mientras Horacio Rodr\u00edguez Larreta busca dar una muestra de amplitud en su construcci\u00f3n y se mostrar\u00e1 junto al diputado nacional Facundo Manes en la provincia de Buenos Aires, Patricia Bullrich sigue recorriendo el pa\u00eds y busca dejar atr\u00e1s la propuesta del blindaje.<\/p>\n<p>El jefe de Gobierno porte\u00f1o se mostrar\u00e1 este martes con Manes a las 12hs y el precandidato a gobernador bonaerense Diego Santilli en Tandil. Esta ser\u00e1 la primera foto p\u00fablica entre el precandidato a presidente de Juntos por el Cambio y el dirigente radical, quien hasta el d\u00eda del cierre de listas amag\u00f3 con competir en la carrera presidencial.<\/p>\n<p>La agenda de Larreta-Manes tendr\u00e1 primero un almuerzo en el Hotel Libertador de esa ciudad, luego realizar\u00e1n una caminata por el centro de la ciudad donde se mostrar\u00e1n frente a vecinos, comerciantes y productores; y por \u00faltimo anunciar\u00e1n el plan bautizado como \u201clos 100 Tandiles\u201d, que pretende mostrar a esa ciudad de la quinta secci\u00f3n electoral como un modelo de desarrollo a imitar.<\/p>\n<p>Desde el equipo del radical explican que Manes ir\u00e1 a Tandil a apoyar la reelecci\u00f3n del radical Miguel Lunghi, uno de los promotores de que el neurocient\u00edfico inicie una carrera pol\u00edtica, el m\u00e9dico pediatra de 79 a\u00f1os va en la misma lista que el alcalde porte\u00f1o.<\/p>\n<p>Adem\u00e1s, hay otros dirigentes de Manes que van en las listas de Larreta en esta elecciones, uno es Pablo Juliano, ex presidente de la Juventud Radical que va en tercer lugar en la n\u00f3mina de diputados nacionales por Buenos Aires. En la Ciudad de Buenos Aires, como segundo candidato a legislador, va Guillermo Su\u00e1rez, otro dirigente del entorno de Manes y tambi\u00e9n unen al alcalde porte\u00f1o y al radical,\u00a0 el candidato radical de Salto, Esteban Dordoni, va junto a la lista de Santilli y Larreta.<\/p>\n<p>Al equipo del radical no se le escapa que la foto en el suelo tandilense ser\u00e1 le\u00edda como un apoyo a Larreta, pero es claro. Manes mantuvo un bajo perfil desde el 24 de junio, cuando se definieron las listas y \u00e9l decidi\u00f3 bajarse de su candidatura presidencial, y reci\u00e9n el fin de semana pasado rompi\u00f3 la neutralidad cuando se sum\u00f3 a la campa\u00f1a de Mart\u00edn Lousteau para competir por la Jefatura de Gobierno porte\u00f1o. &#8220;Mart\u00edn Lousteau es quien le dar\u00e1 un nuevo impulso para alcanzar esa ciudad que so\u00f1amos&#8221;, asegur\u00f3 durante una recorrida que compartieron en Nueva Pompeya.<\/p>\n<p>El gui\u00f1o de Manes\u00a0 no es el \u00fanico gesto que espera el jefe de Gobierno, tambi\u00e9n aguarda por un pronunciamiento de su amiga Mar\u00eda Eugenia Vidal que hasta el momento conserva la neutralidad, la exgobernadora se baj\u00f3 de la pelea por la Casa Rosada en mayo y desde entonces\u00a0 mantiene su posici\u00f3n de neutralidad.\u00a0 \u201cEs muy personal. Llegado el caso ella evaluar\u00e1 dar su apoyo, pero depender\u00e1 de ella\u201d, sostuvieron.<\/p>\n<p>Otro respaldo que espera Larreta es el del gobernador electo en Chubut, Ignacio Torres, el senador del PRO que le dio la primera victoria al partido por fuera de la ciudad y la provincia de Buenos Aires.<\/p>\n<p>A nivel nacional, Torres busc\u00f3 hacer equilibrio entre Larreta y Bullrich para evitar nacionalizar la elecci\u00f3n provincial sin tomar posicionamiento. El chubutense mantiene un buen di\u00e1logo con los dos, pero el bullrichismo sabe que tiene m\u00e1s cercan\u00eda pol\u00edtica con el larretismo. Y si no tom\u00f3 posici\u00f3n fue porque estaba en campa\u00f1a, su neutralidad permiti\u00f3 la foto de unidad entre el alcalde porte\u00f1o y la presidente del PRO en uso de licencia, un poco de freno a tantos cruces entre los presidenciales mientras Mauricio Macri les pide que compartan bunker para esperar los resultados el 13 de agosto.<\/p>\n<p>La elecci\u00f3n de Chubut no implicar\u00e1 mutaciones en la estrategia electoral de Larreta ni de Bullrich. El jefe de Gobierno ven\u00eda con el impulso de la victoria de Maximiliano Pullaro, su candidato, en Santa Fe ante Carolina Losada, la bullrichista.<\/p>\n<p>Incluso, el alcalde porte\u00f1o capitaliz\u00f3 la analog\u00eda a Fernando de La R\u00faa de Bullrich con sus dichos sobre el \u201cblindaje\u201d, que protagoniz\u00f3 la semana pasada. Aunque desde el entorno de\u00a0 la ex ministra de Seguridad, sin embargo, deslizaron que el discurso de unidad tras la victoria en Chubut reestableci\u00f3 la situaci\u00f3n.<\/p>\n<p>Sin embargo, continuar\u00e1n los \u00faltimos d\u00edas de campa\u00f1a con agendas separadas. En los pr\u00f3ximos d\u00edas, el jefe de Gobierno se enfocar\u00e1 en hacer campa\u00f1a en el centro del pa\u00eds y el conurbano. Bullrich, por su parte, profundizar\u00e1 sus recorridas por la provincia de Buenos Aires, sin descuidar distritos como C\u00f3rdoba, Mendoza, Santa Fe, San Luis y Entre R\u00edos.<\/p>\n","protected":false},"excerpt":{"rendered":"<p>Pese al escenario de triunfo en Chubut, los presidenciables de JXC no aflojan. Larreta se mostrar\u00e1 con Manes, otro candidato, en la provincia de Buenos Aires, espera un pronunciamiento de Vidal en su favor y prepara m\u00e1s spots. Bullrich, en tanto, busca superar la analog\u00eda con De la R\u00faa y sigue con recorridas &nbsp; &nbsp; Quedan menos de dos semanas para las PASO y, a pesar de la foto de unidad que lograron en Chubut, los candidatos presidenciales de Juntos por el Cambio contin\u00faan en guerra. Mientras Horacio Rodr\u00edguez Larreta&#8230;<\/p>\n","protected":false},"author":3,"featured_media":104299,"comment_status":"closed","ping_status":"closed","sticky":false,"template":"","format":"standard","meta":[],"categories":[18],"tags":[],"_links":{"self":[{"href":"https:\/\/www.actualidadadiario.com\/index.php\/wp-json\/wp\/v2\/posts\/105695"}],"collection":[{"href":"https:\/\/www.actualidadadiario.com\/index.php\/wp-json\/wp\/v2\/posts"}],"about":[{"href":"https:\/\/www.actualidadadiario.com\/index.php\/wp-json\/wp\/v2\/types\/post"}],"author":[{"embeddable":true,"href":"https:\/\/www.actualidadadiario.com\/index.php\/wp-json\/wp\/v2\/users\/3"}],"replies":[{"embeddable":true,"href":"https:\/\/www.actualidadadiario.com\/index.php\/wp-json\/wp\/v2\/comments?post=105695"}],"version-history":[{"count":1,"href":"https:\/\/www.actualidadadiario.com\/index.php\/wp-json\/wp\/v2\/posts\/105695\/revisions"}],"predecessor-version":[{"id":105696,"href":"https:\/\/www.actualidadadiario.com\/index.php\/wp-json\/wp\/v2\/posts\/105695\/revisions\/105696"}],"wp:featuredmedia":[{"embeddable":true,"href":"https:\/\/www.actualidadadiario.com\/index.php\/wp-json\/wp\/v2\/media\/104299"}],"wp:attachment":[{"href":"https:\/\/www.actualidadadiario.com\/index.php\/wp-json\/wp\/v2\/media?parent=105695"}],"wp:term":[{"taxonomy":"category","embeddable":true,"href":"https:\/\/www.actualidadadiario.com\/index.php\/wp-json\/wp\/v2\/categories?post=105695"},{"taxonomy":"post_tag","embeddable":true,"href":"https:\/\/www.actualidadadiario.com\/index.php\/wp-json\/wp\/v2\/tags?post=105695"}],"curies":[{"name":"wp","href":"https:\/\/api.w.org\/{rel}","templated":true}]}}