{"id":105689,"date":"2023-08-01T13:57:30","date_gmt":"2023-08-01T16:57:30","guid":{"rendered":"https:\/\/www.actualidadadiario.com\/?p=105689"},"modified":"2023-08-01T13:57:30","modified_gmt":"2023-08-01T16:57:30","slug":"elecciones-2023-asi-quedo-el-panorama-en-las-18-provincias-que-ya-votaron","status":"publish","type":"post","link":"https:\/\/www.actualidadadiario.com\/index.php\/2023\/08\/01\/elecciones-2023-asi-quedo-el-panorama-en-las-18-provincias-que-ya-votaron\/","title":{"rendered":"Elecciones 2023: as\u00ed qued\u00f3 el panorama en las 18 provincias que ya votaron"},"content":{"rendered":"<p style=\"text-align: center;\"><em><strong>En las v\u00edsperas de las elecciones Primarias, Abiertas, Simult\u00e1neas y Obligatorias (PASO), todos los resultados en los distritos que ya eligieron gobernador<\/strong><\/em><\/p>\n<p>&nbsp;<\/p>\n<p>&nbsp;<\/p>\n<p>El desdoblamiento marc\u00f3 el camino de las Elecciones 2023 en Argentina; una recta de 18 provincias que finaliz\u00f3 el \u00faltimo domingo tras los resultados en Chubut. A falta de pocos d\u00edas para las elecciones Primarias, Abiertas, Simult\u00e1neas y Obligatorias (PASO), \u00bfc\u00f3mo qued\u00f3 el panorama en las provincias que ya eligieron gobernador?<\/p>\n<p>La \u00faltima provincia en votar a su gobernador fue Chubut: en una elecci\u00f3n disputada hasta el final, el escrutinio provisorio arroj\u00f3 una diferencia de apenas 1,6% de votos, tras los porcentajes que obtuvieron Ignacio Torres (35,71%), de Juntos por el Cambio, y Juan Pablo Luque (34,11%), de Arriba Chubut. Seg\u00fan la informaci\u00f3n oficial, el candidato de JxC sum\u00f3 116.432 votos y el de Arriba Chubut unos 111.203 sufragios.<\/p>\n<p>Las contiendas provinciales dejaron sorpresas en diversas latitudes de la Argentina, con la oposici\u00f3n nacional destronando al peronismo en San Luis, San Juan, Chubut, Santa Fe y Chaco (en las \u00faltimas dos, respectivamente, restan las elecciones generales).<\/p>\n<p>El peronismo, tanto aliado al oficialismo como diferenciado, retuvo La Pampa, Tucum\u00e1n, Formosa, Santiago del Estero y Tierra del Fuego. Lo mismo hizo el schiarettismo en C\u00f3rdoba; Gustavo S\u00e1enz en Salta, y Alberto Weretilneck, en R\u00edo Negro.<\/p>\n<p>&nbsp;<\/p>\n<p><strong>Elecciones 2023: ganadores y perdedores de las elecciones provinciales<\/strong><\/p>\n<p><strong>Chubut<\/strong><\/p>\n<ol>\n<li>Ignacio Nacho Torres (Juntos por el Cambio). Votos: 116.432 (35,71%).<\/li>\n<li>Juan Pablo Luque (PJ). Votos: 111.203 (34,11%).<\/li>\n<\/ol>\n<p>&nbsp;<\/p>\n<p><strong>Tierra del Fuego<\/strong><\/p>\n<ol>\n<li>Gustavo Melella (Frente de Todos). Votos: 52.438 (65,37%).<\/li>\n<li>H\u00e9ctor Stefani (PRO). Votos: 11.309 (14,10%).<\/li>\n<\/ol>\n<p>&nbsp;<\/p>\n<p><strong>Neuqu\u00e9n<\/strong><\/p>\n<ol>\n<li>Rolando Figueroa (Comunidad). Votos: 148.135 (36,94%).<\/li>\n<li>Marcos Koopmann (Movimiento Popular Neuquino). Votos: 137.965 (34,40%).<\/li>\n<\/ol>\n<p>&nbsp;<\/p>\n<p><strong>R\u00edo Negro<\/strong><\/p>\n<ol>\n<li>Alberto Weretilneck (Juntos Somos R\u00edo Negro). Votos: 154.089 (42,43%).<\/li>\n<li>An\u00edbal Tortoriello (JxC). Votos: 86.660 (23.86%).<\/li>\n<\/ol>\n<p>&nbsp;<\/p>\n<p><strong>La Pampa<\/strong><\/p>\n<ol>\n<li>Sergio Ziliotto (Frente de Todos). Votos: 97.198 (47,66%).<\/li>\n<li>Mart\u00edn Berhongaray (JxC). Votos 85.855 (42,1%).<\/li>\n<\/ol>\n<p>&nbsp;<\/p>\n<p><strong>Salta<\/strong><\/p>\n<ol>\n<li>Gustavo S\u00e1enz (Partido Identidad Salte\u00f1a). Votos: 337.621 (47,51%).<\/li>\n<li>Miguel Nanni (JxC). Votos: 122.766 (17,27%).<\/li>\n<\/ol>\n<p>&nbsp;<\/p>\n<p><strong>C\u00f3rdoba<\/strong><\/p>\n<ol>\n<li>Mart\u00edn Llaryora (Hacemos Unidos por C\u00f3rdoba). Votos 870.935 (45%).<\/li>\n<li>Luis Juez (JxC). Votos: 806.541 (41,85%).<\/li>\n<\/ol>\n<p>&nbsp;<\/p>\n<p><strong>Chaco<\/strong><\/p>\n<ol>\n<li>Leandro Zdero (JxC). Votos: 127.006 (42,41%).<\/li>\n<li>Jorge Capitanich (Frente Chaque\u00f1o -PJ). Votos: 206.672 (37,3%).<\/li>\n<\/ol>\n<p>&nbsp;<\/p>\n<p><strong>Jujuy<\/strong><\/p>\n<ol>\n<li>Carlos Sadir (Frrente Cambia Jujuy). Votos: 196.714 (49,59%).<\/li>\n<li>Rub\u00e9n Rivarola (PJ). Votos: 88.958 (22,43%).<\/li>\n<\/ol>\n<p>&nbsp;<\/p>\n<p><strong>San Juan<\/strong><\/p>\n<ol>\n<li>Marcelo Orrego (Unidos por San Juan). Votos: 215.901(50,67%).<\/li>\n<li>Jos\u00e9 Luis Gioja (San Juan por Todos). Votos: 117.938 (43,94%).<\/li>\n<\/ol>\n<p>&nbsp;<\/p>\n<p><strong>Corrientes<\/strong><\/p>\n<ol>\n<li>Pedro Cassani y Ricardo Colombi (ECO+Vamos Corrientes &#8211; partido de Gustavo Vald\u00e9s-). Votos: 382.893 (67,91%).<\/li>\n<li>Gustavo Canteros y Celeste Asc\u00faa (peronista Frente de Todos). Votos: 162.253 (28,78%).<\/li>\n<\/ol>\n<p>&nbsp;<\/p>\n<p><strong>Formosa<\/strong><\/p>\n<ol>\n<li>Gildo Insfr\u00e1n (Frente de la Victoria). Votos: 239.023 (69,92%).<\/li>\n<li>Fernando Carbajal (JxC). Votos: 68.997 (20,20%).<\/li>\n<\/ol>\n<p>&nbsp;<\/p>\n<p><strong>Mendoza<\/strong><\/p>\n<ol>\n<li>Alfredo Cornejo (Juntos por el Cambio). Votos; 258.352 (25,9%).<\/li>\n<li>Omar De Marchi (La Uni\u00f3n Mendocina). Votos: 202.121 (20,3%).<\/li>\n<\/ol>\n<p>&nbsp;<\/p>\n<p><strong>Santa Fe<\/strong><\/p>\n<ol>\n<li>Maximiliano Pullaro (Unidos para Cambiar Santa Fe). Votos: 506.277 (35,95%).<\/li>\n<li>Marcelo Lewandowski (Juntos Avancemos). Votos: 279.164.<\/li>\n<\/ol>\n<p>&nbsp;<\/p>\n<p><strong>Tucum\u00e1n<\/strong><\/p>\n<ol>\n<li>Osvaldo Jaldo (Frente de Todos). Votos: 612.862 (54,97%)<\/li>\n<li>Roberto S\u00e1nchez (JxC). Votos: 371.034 (33,28%).<\/li>\n<\/ol>\n<p>&nbsp;<\/p>\n<p><strong>La Rioja<\/strong><\/p>\n<ol>\n<li>Ricardo Quintela (FdT). Votos: 100.926 (50,63%).<\/li>\n<li>Felipe \u00c1lvarez (JxC). Votos: 63.573 (31,89%).<\/li>\n<\/ol>\n<p>&nbsp;<\/p>\n<p><strong>San Luis<\/strong><\/p>\n<ol>\n<li>Claudio Poggi (Juntos por el CamA165 n kbio). Votos: 162.588 (53,31%).<\/li>\n<li>Jorge Fern\u00e1ndez (Frente de Todos). Votos: 139.475 (45,73%).<\/li>\n<\/ol>\n<p>&nbsp;<\/p>\n<p><strong>Misiones<\/strong><\/p>\n<ol>\n<li>Hugo Passalacqua (Frente Renovador de la Concordia). Votos: 424.533 (64,18%).<\/li>\n<li>Mart\u00edn Arjol (JxC). Votos: 175.759 (26,57%).<\/li>\n<\/ol>\n","protected":false},"excerpt":{"rendered":"<p>En las v\u00edsperas de las elecciones Primarias, Abiertas, Simult\u00e1neas y Obligatorias (PASO), todos los resultados en los distritos que ya eligieron gobernador &nbsp; &nbsp; El desdoblamiento marc\u00f3 el camino de las Elecciones 2023 en Argentina; una recta de 18 provincias que finaliz\u00f3 el \u00faltimo domingo tras los resultados en Chubut. A falta de pocos d\u00edas para las elecciones Primarias, Abiertas, Simult\u00e1neas y Obligatorias (PASO), \u00bfc\u00f3mo qued\u00f3 el panorama en las provincias que ya eligieron gobernador? La \u00faltima provincia en votar a su gobernador fue Chubut: en una elecci\u00f3n disputada hasta&#8230;<\/p>\n","protected":false},"author":3,"featured_media":97764,"comment_status":"closed","ping_status":"closed","sticky":false,"template":"","format":"standard","meta":[],"categories":[9],"tags":[],"_links":{"self":[{"href":"https:\/\/www.actualidadadiario.com\/index.php\/wp-json\/wp\/v2\/posts\/105689"}],"collection":[{"href":"https:\/\/www.actualidadadiario.com\/index.php\/wp-json\/wp\/v2\/posts"}],"about":[{"href":"https:\/\/www.actualidadadiario.com\/index.php\/wp-json\/wp\/v2\/types\/post"}],"author":[{"embeddable":true,"href":"https:\/\/www.actualidadadiario.com\/index.php\/wp-json\/wp\/v2\/users\/3"}],"replies":[{"embeddable":true,"href":"https:\/\/www.actualidadadiario.com\/index.php\/wp-json\/wp\/v2\/comments?post=105689"}],"version-history":[{"count":1,"href":"https:\/\/www.actualidadadiario.com\/index.php\/wp-json\/wp\/v2\/posts\/105689\/revisions"}],"predecessor-version":[{"id":105690,"href":"https:\/\/www.actualidadadiario.com\/index.php\/wp-json\/wp\/v2\/posts\/105689\/revisions\/105690"}],"wp:featuredmedia":[{"embeddable":true,"href":"https:\/\/www.actualidadadiario.com\/index.php\/wp-json\/wp\/v2\/media\/97764"}],"wp:attachment":[{"href":"https:\/\/www.actualidadadiario.com\/index.php\/wp-json\/wp\/v2\/media?parent=105689"}],"wp:term":[{"taxonomy":"category","embeddable":true,"href":"https:\/\/www.actualidadadiario.com\/index.php\/wp-json\/wp\/v2\/categories?post=105689"},{"taxonomy":"post_tag","embeddable":true,"href":"https:\/\/www.actualidadadiario.com\/index.php\/wp-json\/wp\/v2\/tags?post=105689"}],"curies":[{"name":"wp","href":"https:\/\/api.w.org\/{rel}","templated":true}]}}