{"id":10568,"date":"2017-04-26T09:24:39","date_gmt":"2017-04-26T12:24:39","guid":{"rendered":"http:\/\/actualidadadiario.com\/site\/?p=10568"},"modified":"2017-04-26T09:24:39","modified_gmt":"2017-04-26T12:24:39","slug":"busti-se-suma-a-la-construccion-de-un-frente-electoral","status":"publish","type":"post","link":"https:\/\/www.actualidadadiario.com\/index.php\/2017\/04\/26\/busti-se-suma-a-la-construccion-de-un-frente-electoral\/","title":{"rendered":"Busti se suma a la construcci\u00f3n de un frente electoral"},"content":{"rendered":"<p><em><strong>&#8220;Coincidimos en la necesidad de contribuir a la unidad del justicialismo y articular un frente para las elecciones&#8221;, manifest\u00f3 Bordet y resalt\u00f3 que buscan conformar &#8220;una lista que siga la estrategia que el gobierno de la provincia&#8221;<\/strong><\/em><\/p>\n<p>&nbsp;<\/p>\n<p>&nbsp;<\/p>\n<p>&nbsp;<\/p>\n<p>El gobernador y presidente del PJ en Entre R\u00edos, Gustavo Bordet, se reuni\u00f3 con el ex mandatario provincial, Jorge Busti, en el que coincidieron en la construcci\u00f3n de un frente electoral para las legislativas de octubre.<\/p>\n<p>&nbsp;<\/p>\n<p>Bordet lo confirm\u00f3 a trav\u00e9s de las redes sociales, con una fotograf\u00eda junto a Busti y un texto, en el que resalta, la capacidad de volver a formar una unidad del peronismo, aunque no descart\u00f3 la realizaci\u00f3n de internas en el PJ provincial.<\/p>\n<p>&nbsp;<\/p>\n<p>En el comunicado dado a conocer en las redes sociales, Bordet explic\u00f3 que &#8220;analizamos la realidad pol\u00edtica del pa\u00eds y la provincia con el ex gobernador Jorge Busti&#8221;, dijo y agreg\u00f3 que &#8220;coincidimos en la necesidad de contribuir a la unidad del justicialismo y articular un frente para las elecciones de medio t\u00e9rmino&#8221;, remarc\u00f3 el Gobernador.<\/p>\n<p>&nbsp;<\/p>\n<p>Seg\u00fan manifest\u00f3 Bordet, &#8220;el peronismo siempre ha tenido esta vocaci\u00f3n frentista y podemos articularla con quienes tenemos afinidad. Hay que ser amplios, convocantes; el peronismo siempre fue un movimiento de inclusi\u00f3n, no de exclusi\u00f3n. Entonces, muchos compa\u00f1eros que por alg\u00fan motivo se fueron, tienen la posibilidad de volver&#8221;, sostuvo el mandatario provincial.<\/p>\n<p>&nbsp;<\/p>\n<p>Espec\u00edficamente, al respecto de la disputa interna del Justicialismo entrerriano, el Gobernador marc\u00f3 la posibilidad de elecciones en el seno del partido y sostuvo que &#8220;la mejor garant\u00eda para quien vuelva, es que pueda presentar una lista y llevar sus candidatos en elecciones internas&#8221;, remarc\u00f3 Bordet.<\/p>\n<p>&nbsp;<\/p>\n<p>&#8220;Desde la provincia, vamos a buscar una m\u00e1s amplia base de consenso, para convocar a los mejores hombres y mujeres, en una lista que siga la estrategia que el gobierno de la provincia necesita&#8221;, explic\u00f3 Bordet en referencia a una posible presentaci\u00f3n de lista del oficialismo.<\/p>\n<p>&nbsp;<\/p>\n<p>Finalmente, el Gobernador sostuvo en el comunicado dado a conocer en su perfil de Facebook que &#8220;quienes resulten electos van a tener toda la legitimidad para representar no s\u00f3lo al Partido Justicialista, sino al frente electoral que tengamos que convocar&#8221;, concluy\u00f3 Bordet.<\/p>\n","protected":false},"excerpt":{"rendered":"<p>&#8220;Coincidimos en la necesidad de contribuir a la unidad del justicialismo y articular un frente para las elecciones&#8221;, manifest\u00f3 Bordet y resalt\u00f3 que buscan conformar &#8220;una lista que siga la estrategia que el gobierno de la provincia&#8221; &nbsp; &nbsp; &nbsp; El gobernador y presidente del PJ en Entre R\u00edos, Gustavo Bordet, se reuni\u00f3 con el ex mandatario provincial, Jorge Busti, en el que coincidieron en la construcci\u00f3n de un frente electoral para las legislativas de octubre. &nbsp; Bordet lo confirm\u00f3 a trav\u00e9s de las redes sociales, con una fotograf\u00eda junto&#8230;<\/p>\n","protected":false},"author":3,"featured_media":10569,"comment_status":"closed","ping_status":"closed","sticky":false,"template":"","format":"standard","meta":[],"categories":[15],"tags":[],"_links":{"self":[{"href":"https:\/\/www.actualidadadiario.com\/index.php\/wp-json\/wp\/v2\/posts\/10568"}],"collection":[{"href":"https:\/\/www.actualidadadiario.com\/index.php\/wp-json\/wp\/v2\/posts"}],"about":[{"href":"https:\/\/www.actualidadadiario.com\/index.php\/wp-json\/wp\/v2\/types\/post"}],"author":[{"embeddable":true,"href":"https:\/\/www.actualidadadiario.com\/index.php\/wp-json\/wp\/v2\/users\/3"}],"replies":[{"embeddable":true,"href":"https:\/\/www.actualidadadiario.com\/index.php\/wp-json\/wp\/v2\/comments?post=10568"}],"version-history":[{"count":1,"href":"https:\/\/www.actualidadadiario.com\/index.php\/wp-json\/wp\/v2\/posts\/10568\/revisions"}],"predecessor-version":[{"id":10570,"href":"https:\/\/www.actualidadadiario.com\/index.php\/wp-json\/wp\/v2\/posts\/10568\/revisions\/10570"}],"wp:featuredmedia":[{"embeddable":true,"href":"https:\/\/www.actualidadadiario.com\/index.php\/wp-json\/wp\/v2\/media\/10569"}],"wp:attachment":[{"href":"https:\/\/www.actualidadadiario.com\/index.php\/wp-json\/wp\/v2\/media?parent=10568"}],"wp:term":[{"taxonomy":"category","embeddable":true,"href":"https:\/\/www.actualidadadiario.com\/index.php\/wp-json\/wp\/v2\/categories?post=10568"},{"taxonomy":"post_tag","embeddable":true,"href":"https:\/\/www.actualidadadiario.com\/index.php\/wp-json\/wp\/v2\/tags?post=10568"}],"curies":[{"name":"wp","href":"https:\/\/api.w.org\/{rel}","templated":true}]}}