{"id":105673,"date":"2023-08-01T12:48:06","date_gmt":"2023-08-01T15:48:06","guid":{"rendered":"https:\/\/www.actualidadadiario.com\/?p=105673"},"modified":"2023-08-01T12:48:06","modified_gmt":"2023-08-01T15:48:06","slug":"este-miercoles-vuelve-a-sesionar-la-camara-de-diputados-de-la-provincia","status":"publish","type":"post","link":"https:\/\/www.actualidadadiario.com\/index.php\/2023\/08\/01\/este-miercoles-vuelve-a-sesionar-la-camara-de-diputados-de-la-provincia\/","title":{"rendered":"Este mi\u00e9rcoles vuelve a sesionar la C\u00e1mara de Diputados de la provincia"},"content":{"rendered":"<p style=\"text-align: center;\"><em><strong>Despu\u00e9s de m\u00e1s de un mes sin actividad, este mi\u00e9rcoles la C\u00e1mara de Diputados de Entre R\u00edos llevar\u00e1 a cabo la octava Sesi\u00f3n Ordinaria del a\u00f1o. Ser\u00e1 a partir de las 11. Ma\u00f1ana a las 16 se realizar\u00e1 la reuni\u00f3n de labor parlamentaria<\/strong><\/em><\/p>\n<p>&nbsp;<\/p>\n<p>&nbsp;<\/p>\n<p>Fuentes legislativas confirmaron que este martes 2 agosto la C\u00e1mara de Diputados de la provincia retomar\u00e1 su actividad despu\u00e9s de m\u00e1s de un mes de receso.<\/p>\n<p>Ser\u00e1 llevando a cabo primero la reuni\u00f3n de Labor Parlamentaria con los presidentes de todos los bloques este martes a las 16. En tanto, la octava Sesi\u00f3n Ordinaria se realizar\u00e1 el mi\u00e9rcoles a las 11.<\/p>\n<p>Vale recordar que la C\u00e1mara de Senadores tambi\u00e9n reanud\u00f3 su actividad la semana pasada, cuando aprob\u00f3 en sesi\u00f3n el proyecto de ley de Promoci\u00f3n y Protecci\u00f3n Integral de la Primera Infancia, que \u2013de tratarse- podr\u00eda obtener sanci\u00f3n definitiva esta semana en Diputados.<\/p>\n","protected":false},"excerpt":{"rendered":"<p>Despu\u00e9s de m\u00e1s de un mes sin actividad, este mi\u00e9rcoles la C\u00e1mara de Diputados de Entre R\u00edos llevar\u00e1 a cabo la octava Sesi\u00f3n Ordinaria del a\u00f1o. Ser\u00e1 a partir de las 11. Ma\u00f1ana a las 16 se realizar\u00e1 la reuni\u00f3n de labor parlamentaria &nbsp; &nbsp; Fuentes legislativas confirmaron que este martes 2 agosto la C\u00e1mara de Diputados de la provincia retomar\u00e1 su actividad despu\u00e9s de m\u00e1s de un mes de receso. Ser\u00e1 llevando a cabo primero la reuni\u00f3n de Labor Parlamentaria con los presidentes de todos los bloques este martes&#8230;<\/p>\n","protected":false},"author":3,"featured_media":95704,"comment_status":"closed","ping_status":"closed","sticky":false,"template":"","format":"standard","meta":[],"categories":[15],"tags":[],"_links":{"self":[{"href":"https:\/\/www.actualidadadiario.com\/index.php\/wp-json\/wp\/v2\/posts\/105673"}],"collection":[{"href":"https:\/\/www.actualidadadiario.com\/index.php\/wp-json\/wp\/v2\/posts"}],"about":[{"href":"https:\/\/www.actualidadadiario.com\/index.php\/wp-json\/wp\/v2\/types\/post"}],"author":[{"embeddable":true,"href":"https:\/\/www.actualidadadiario.com\/index.php\/wp-json\/wp\/v2\/users\/3"}],"replies":[{"embeddable":true,"href":"https:\/\/www.actualidadadiario.com\/index.php\/wp-json\/wp\/v2\/comments?post=105673"}],"version-history":[{"count":1,"href":"https:\/\/www.actualidadadiario.com\/index.php\/wp-json\/wp\/v2\/posts\/105673\/revisions"}],"predecessor-version":[{"id":105674,"href":"https:\/\/www.actualidadadiario.com\/index.php\/wp-json\/wp\/v2\/posts\/105673\/revisions\/105674"}],"wp:featuredmedia":[{"embeddable":true,"href":"https:\/\/www.actualidadadiario.com\/index.php\/wp-json\/wp\/v2\/media\/95704"}],"wp:attachment":[{"href":"https:\/\/www.actualidadadiario.com\/index.php\/wp-json\/wp\/v2\/media?parent=105673"}],"wp:term":[{"taxonomy":"category","embeddable":true,"href":"https:\/\/www.actualidadadiario.com\/index.php\/wp-json\/wp\/v2\/categories?post=105673"},{"taxonomy":"post_tag","embeddable":true,"href":"https:\/\/www.actualidadadiario.com\/index.php\/wp-json\/wp\/v2\/tags?post=105673"}],"curies":[{"name":"wp","href":"https:\/\/api.w.org\/{rel}","templated":true}]}}