{"id":105671,"date":"2023-08-01T12:47:15","date_gmt":"2023-08-01T15:47:15","guid":{"rendered":"https:\/\/www.actualidadadiario.com\/?p=105671"},"modified":"2023-08-01T12:47:15","modified_gmt":"2023-08-01T15:47:15","slug":"un-medico-forense-confirmo-que-los-restos-encontrados-son-del-cuerpo-de-luisina","status":"publish","type":"post","link":"https:\/\/www.actualidadadiario.com\/index.php\/2023\/08\/01\/un-medico-forense-confirmo-que-los-restos-encontrados-son-del-cuerpo-de-luisina\/","title":{"rendered":"Un m\u00e9dico forense confirm\u00f3 que los restos encontrados son del cuerpo de Luisina"},"content":{"rendered":"<p style=\"text-align: center;\"><em><strong>El fiscal Jos\u00e9 Costa precis\u00f3 que un tatuaje a la altura del centro del pecho fue el elemento que permiti\u00f3 establecer la identidad de los miembros hallados en la zona de Pampa Soler<\/strong><\/em><\/p>\n<p>&nbsp;<\/p>\n<p>&nbsp;<\/p>\n<p>Los restos de la v\u00edctima fueron analizados por un m\u00e9dico forense en la morgue del hospital Felipe Heras, donde, gracias a fotos aportadas por sus familiares y amigos, se confirm\u00f3 la relaci\u00f3n por un tatuaje que la joven ten\u00eda en el pecho, del lado derecho.<\/p>\n<p>El titular del Ministerio P\u00fablico Fiscal, Jos\u00e9 Costa, confirm\u00f3 que \u201ceste lunes se hizo un primer an\u00e1lisis sobre el torso encontrado en Pampa Soler, se hizo una constataci\u00f3n por parte del m\u00e9dico forense e inform\u00f3, en primera instancia, que el tatuaje que ten\u00eda el cuerpo que se hall\u00f3, coincid\u00eda con las fotos que ten\u00edamos de Luisina donde se ve\u00eda tatuaje bastante particular en el pecho\u201d. A lo que agreg\u00f3 \u201chay elementos para decir que es ella\u201d.<\/p>\n<p>De esta manera, se refuerza la hip\u00f3tesis de femicidio por la cual est\u00e1 imputado Horacio \u201c\u00d1o\u00f1o\u201d Ben\u00edtez. Esa l\u00ednea investigativa cuando se encontraron elementos en la casa del imputado, \u201cfue all\u00e1 por el 20 o 21 de julio, pero esa hip\u00f3tesis que ten\u00edamos nosotros se va reforzando con las pruebas que se incorporen, esto es una prueba m\u00e1s\u201d, remarc\u00f3 Costa.<\/p>\n<p>Por lo tanto, el titular del Ministerio p\u00fablico Fiscal sostuvo que \u201cseguimos con la misma calificaci\u00f3n legal que es la de femicidio.<\/p>\n","protected":false},"excerpt":{"rendered":"<p>El fiscal Jos\u00e9 Costa precis\u00f3 que un tatuaje a la altura del centro del pecho fue el elemento que permiti\u00f3 establecer la identidad de los miembros hallados en la zona de Pampa Soler &nbsp; &nbsp; Los restos de la v\u00edctima fueron analizados por un m\u00e9dico forense en la morgue del hospital Felipe Heras, donde, gracias a fotos aportadas por sus familiares y amigos, se confirm\u00f3 la relaci\u00f3n por un tatuaje que la joven ten\u00eda en el pecho, del lado derecho. El titular del Ministerio P\u00fablico Fiscal, Jos\u00e9 Costa, confirm\u00f3 que&#8230;<\/p>\n","protected":false},"author":3,"featured_media":104940,"comment_status":"closed","ping_status":"closed","sticky":false,"template":"","format":"standard","meta":[],"categories":[15],"tags":[],"_links":{"self":[{"href":"https:\/\/www.actualidadadiario.com\/index.php\/wp-json\/wp\/v2\/posts\/105671"}],"collection":[{"href":"https:\/\/www.actualidadadiario.com\/index.php\/wp-json\/wp\/v2\/posts"}],"about":[{"href":"https:\/\/www.actualidadadiario.com\/index.php\/wp-json\/wp\/v2\/types\/post"}],"author":[{"embeddable":true,"href":"https:\/\/www.actualidadadiario.com\/index.php\/wp-json\/wp\/v2\/users\/3"}],"replies":[{"embeddable":true,"href":"https:\/\/www.actualidadadiario.com\/index.php\/wp-json\/wp\/v2\/comments?post=105671"}],"version-history":[{"count":1,"href":"https:\/\/www.actualidadadiario.com\/index.php\/wp-json\/wp\/v2\/posts\/105671\/revisions"}],"predecessor-version":[{"id":105672,"href":"https:\/\/www.actualidadadiario.com\/index.php\/wp-json\/wp\/v2\/posts\/105671\/revisions\/105672"}],"wp:featuredmedia":[{"embeddable":true,"href":"https:\/\/www.actualidadadiario.com\/index.php\/wp-json\/wp\/v2\/media\/104940"}],"wp:attachment":[{"href":"https:\/\/www.actualidadadiario.com\/index.php\/wp-json\/wp\/v2\/media?parent=105671"}],"wp:term":[{"taxonomy":"category","embeddable":true,"href":"https:\/\/www.actualidadadiario.com\/index.php\/wp-json\/wp\/v2\/categories?post=105671"},{"taxonomy":"post_tag","embeddable":true,"href":"https:\/\/www.actualidadadiario.com\/index.php\/wp-json\/wp\/v2\/tags?post=105671"}],"curies":[{"name":"wp","href":"https:\/\/api.w.org\/{rel}","templated":true}]}}