{"id":105666,"date":"2023-08-01T12:45:12","date_gmt":"2023-08-01T15:45:12","guid":{"rendered":"https:\/\/www.actualidadadiario.com\/?p=105666"},"modified":"2023-08-01T12:45:12","modified_gmt":"2023-08-01T15:45:12","slug":"comienza-a-regir-un-nuevo-aumento-de-la-tarifa-de-luz","status":"publish","type":"post","link":"https:\/\/www.actualidadadiario.com\/index.php\/2023\/08\/01\/comienza-a-regir-un-nuevo-aumento-de-la-tarifa-de-luz\/","title":{"rendered":"Comienza a regir un nuevo aumento de la tarifa de luz"},"content":{"rendered":"<p style=\"text-align: center;\"><em><strong>El Ente Provincial Regulador de la Energ\u00eda (EPRE) aprob\u00f3 una variaci\u00f3n del\u00a0 46% con respecto a lo establecido el 1 de febrero. El aumento ser\u00e1 para el periodo que va del 1 de agosto al 31 de octubre de este a\u00f1o<\/strong><\/em><\/p>\n<p>&nbsp;<\/p>\n<p>&nbsp;<\/p>\n<p>La resoluci\u00f3n N\u00ba 91, del 16 de junio, dictada por el Ente Regulador, se\u00f1ala que la distribuidora Energ\u00eda Entre R\u00edos SA (Enersa) ingres\u00f3 el d\u00eda 13 una presentaci\u00f3n de un cuadro tarifario para aplicar a los consumos a partir del 1\u00b0 de agosto de 2023, \u00abexpresando que el Factor de Adecuaci\u00f3n que deber\u00eda aplicarse a partir del 1\u00b0 de agosto de 2023 ser\u00eda igual a (1,46), y representa una variaci\u00f3n de 46 % respecto del valor definido a aplicar a partir del 1\/2\/2023 en la Res EPRE 219\/22 y que para esta presentaci\u00f3n del Cuadro Tarifario, se propone aplicar en este trimestre un Factor de Adecuaci\u00f3n FACD = 1,21; que representa una variaci\u00f3n de 10% trimestral (2 trimestres). De esta manera quedar\u00eda pendiente la aplicaci\u00f3n de una actualizaci\u00f3n de 20,7 % del VAD en la tarifa para igualar a la inflaci\u00f3n real\u00bb.<\/p>\n<p>La \u00faltima revisi\u00f3n quinquenal de la tarifa, el 31 de agosto de 2022, aprobada por resoluci\u00f3n del EPRE N\u00ba 219\/22, habilit\u00f3 el procedimiento de revisi\u00f3n integral de la tarifa correspondiente al tercer periodo tarifario de los contratos de concesi\u00f3n vigente y, en consecuencia, el cuadro tarifario inicial del per\u00edodo 1\u00b0 de febrero al 30 de abril de 2023 inclusive.<\/p>\n<p>Pero luego de aprobados los nuevos cuadros tarifarios con los valores actualizados, el Poder Ejecutivo dispuso que, \u201cen atenci\u00f3n a los fen\u00f3menos clim\u00e1ticos extraordinarios de extremas temperaturas y sequ\u00eda, como as\u00ed tambi\u00e9n el impacto en tarifa por la reducci\u00f3n de los subsidios\u201d y la consecuente aplicaci\u00f3n\u00a0 \u201c del programa de segmentaci\u00f3n tarifaria para los usuarios residenciales, por razones de oportunidad, m\u00e9rito y conveniencia, y en protecci\u00f3n de los derechos de los usuarios\u201d se dict\u00f3 la resoluci\u00f3n EPRE N\u00b0 11\/23 que suspendi\u00f3 \u201ctransitoria y excepcionalmente\u201d el traslado a los usuarios finales el VAD. As\u00ed, para el per\u00edodo 1\u00ba de febrero al 30 de abril de 2023 se mantuvo el valor vigente a 2022.<\/p>\n<p>La nueva disposici\u00f3n del Ente Regulador dispone que\u00a0 corresponde \u201cen esta segunda etapa, comprensiva de los meses de agosto, septiembre y octubre de del a\u00f1o 2023, se aplique una quinta ava parte, en cada mes, respectivamente, del valor agregado de distribuci\u00f3n previsto en el cuadro tarifario aprobado por el Anexo I de la Resoluci\u00f3n EPRE N\u00b0 219\/22, para de ese modo completar la totalidad de lo previsto, con el correspondiente traslado, en su justa incidencia, del precio mayorista de energ\u00eda y potencia vigente para ese per\u00edodo\u201d, public\u00f3 Entre R\u00edos Ahora.<\/p>\n<p>Y que adem\u00e1s \u201cse considera oportuno y conveniente a fin de mantener la calidad del servicio p\u00fablico econ\u00f3mico de distribuci\u00f3n de energ\u00eda el\u00e9ctrica, aplicar gradualmente un solo factor de adecuaci\u00f3n de tarifa prevista en el contrato de concesi\u00f3n\u201d.<\/p>\n","protected":false},"excerpt":{"rendered":"<p>El Ente Provincial Regulador de la Energ\u00eda (EPRE) aprob\u00f3 una variaci\u00f3n del\u00a0 46% con respecto a lo establecido el 1 de febrero. El aumento ser\u00e1 para el periodo que va del 1 de agosto al 31 de octubre de este a\u00f1o &nbsp; &nbsp; La resoluci\u00f3n N\u00ba 91, del 16 de junio, dictada por el Ente Regulador, se\u00f1ala que la distribuidora Energ\u00eda Entre R\u00edos SA (Enersa) ingres\u00f3 el d\u00eda 13 una presentaci\u00f3n de un cuadro tarifario para aplicar a los consumos a partir del 1\u00b0 de agosto de 2023, \u00abexpresando que&#8230;<\/p>\n","protected":false},"author":3,"featured_media":86085,"comment_status":"closed","ping_status":"closed","sticky":false,"template":"","format":"standard","meta":[],"categories":[15],"tags":[],"_links":{"self":[{"href":"https:\/\/www.actualidadadiario.com\/index.php\/wp-json\/wp\/v2\/posts\/105666"}],"collection":[{"href":"https:\/\/www.actualidadadiario.com\/index.php\/wp-json\/wp\/v2\/posts"}],"about":[{"href":"https:\/\/www.actualidadadiario.com\/index.php\/wp-json\/wp\/v2\/types\/post"}],"author":[{"embeddable":true,"href":"https:\/\/www.actualidadadiario.com\/index.php\/wp-json\/wp\/v2\/users\/3"}],"replies":[{"embeddable":true,"href":"https:\/\/www.actualidadadiario.com\/index.php\/wp-json\/wp\/v2\/comments?post=105666"}],"version-history":[{"count":1,"href":"https:\/\/www.actualidadadiario.com\/index.php\/wp-json\/wp\/v2\/posts\/105666\/revisions"}],"predecessor-version":[{"id":105667,"href":"https:\/\/www.actualidadadiario.com\/index.php\/wp-json\/wp\/v2\/posts\/105666\/revisions\/105667"}],"wp:featuredmedia":[{"embeddable":true,"href":"https:\/\/www.actualidadadiario.com\/index.php\/wp-json\/wp\/v2\/media\/86085"}],"wp:attachment":[{"href":"https:\/\/www.actualidadadiario.com\/index.php\/wp-json\/wp\/v2\/media?parent=105666"}],"wp:term":[{"taxonomy":"category","embeddable":true,"href":"https:\/\/www.actualidadadiario.com\/index.php\/wp-json\/wp\/v2\/categories?post=105666"},{"taxonomy":"post_tag","embeddable":true,"href":"https:\/\/www.actualidadadiario.com\/index.php\/wp-json\/wp\/v2\/tags?post=105666"}],"curies":[{"name":"wp","href":"https:\/\/api.w.org\/{rel}","templated":true}]}}