{"id":105660,"date":"2023-08-01T12:43:18","date_gmt":"2023-08-01T15:43:18","guid":{"rendered":"https:\/\/www.actualidadadiario.com\/?p=105660"},"modified":"2023-08-01T12:43:33","modified_gmt":"2023-08-01T15:43:33","slug":"ignoran-lo-que-tenemos-o-mienten-deliberadamente-bahl-cargo-contra-la-oposicion-por-desconocer-el-gasoducto-entrerriano","status":"publish","type":"post","link":"https:\/\/www.actualidadadiario.com\/index.php\/2023\/08\/01\/ignoran-lo-que-tenemos-o-mienten-deliberadamente-bahl-cargo-contra-la-oposicion-por-desconocer-el-gasoducto-entrerriano\/","title":{"rendered":"&#8220;Ignoran lo que tenemos o mienten deliberadamente&#8221;: Bahl carg\u00f3 contra la oposici\u00f3n por desconocer el gasoducto entrerriano"},"content":{"rendered":"<p style=\"text-align: center;\"><em><strong>Ad\u00e1n Bahl, el precandidato del justicialismo a la gobernaci\u00f3n, sostuvo que \u201chay precandidatos que se pasean por la provincia, ignoran lo que tenemos o mienten deliberadamente diciendo que a Entre R\u00edos le falta gas natural, cuando es una de las provincias con mayor infraestructura gas\u00edfera&#8221;. Fue en respuesta a una afirmaci\u00f3n hecha por precandidatos de Juntos por el Cambio que sostuvieron que la provincia no ten\u00eda gas natural<\/strong><\/em><\/p>\n<p>&nbsp;<\/p>\n<p>&nbsp;<\/p>\n<p>\u201cA la producci\u00f3n se la acompa\u00f1a con hechos\u201d, afirm\u00f3 el precandidato a Gobernador de M\u00e1s por Entre R\u00edos, Ad\u00e1n Bahl, en el marco de su recorrida por las proximidades del kil\u00f3metro 27 de la Ruta Nacional 127, donde se est\u00e1 construyendo el gasoducto Los Conquistadores \u2013 Chajar\u00ed.<\/p>\n<p>En ese marco y sin nombrarlo, sali\u00f3 al cruce de las declaraciones que hizo Larreta el jueves en su visita a Paran\u00e1 y Viale. Es que el Jefe de Gobierno de CABA hab\u00eda equiparado la situaci\u00f3n de provisi\u00f3n de gas natural de Entre R\u00edos con las de Corrientes y Misiones durante su visita al parque industrial de Viale.<\/p>\n<p>En rigor, la pol\u00edtica sobre el gas natural fue algo que atraves\u00f3 gobiernos de distinto signo partidario en la provincia durante las \u00faltimas d\u00e9cadas del siglo pasado.<\/p>\n<p>Pero, a diferencia de las otras otros provincias, Entre R\u00edos tiene una red de gas natural propia que comenz\u00f3 en los \u201980 y se consolid\u00f3 en los \u201990, con el entonces gobernador Sergio Montiel y a\u00fan contin\u00faa.<\/p>\n<p>Al diferenciarse de Larreta, Bahl sostuvo que el gasoducto es \u201cuna obra hist\u00f3rica en materia energ\u00e9tica que va a llevar gas natural a todo el norte entrerriano para que la industria y la agroindustria puedan desarrollarse en lugares donde nunca antes se hab\u00edan podido instalar\u201d.<\/p>\n<p>Se trata de una obra de 52 kil\u00f3metros de ca\u00f1er\u00eda y ya lleva un 64% de avance.<\/p>\n<p>En este sentido el precandidato a Gobernador, resal\u00f3 que \u201chay precandidatos que se pasean por la provincia, ignoran lo que tenemos o mienten deliberadamente diciendo que a Entre R\u00edos le falta gas natural, cuando es una de las provincias con mayor infraestructura gas\u00edfera&#8221;.<\/p>\n<p>\u201cA la producci\u00f3n se la acompa\u00f1a con hechos, no paseando por los medios de comunicaci\u00f3n, diciendo mentiras\u201d dijo Bahl y asegur\u00f3: \u201cNosotros conocemos lo que tenemos y sabemos c\u00f3mo hacer para transformarlo en m\u00e1s oportunidades y trabajo para los entrerrianos\u201d.<\/p>\n<p>Por \u00faltimo, Bahl sostuvo: &#8220;Nosotros conocemos lo que tenemos y sabemos c\u00f3mo hacer para transformarlo en mayores oportunidades y trabajo para los entrerrianos&#8221;.<\/p>\n","protected":false},"excerpt":{"rendered":"<p>Ad\u00e1n Bahl, el precandidato del justicialismo a la gobernaci\u00f3n, sostuvo que \u201chay precandidatos que se pasean por la provincia, ignoran lo que tenemos o mienten deliberadamente diciendo que a Entre R\u00edos le falta gas natural, cuando es una de las provincias con mayor infraestructura gas\u00edfera&#8221;. Fue en respuesta a una afirmaci\u00f3n hecha por precandidatos de Juntos por el Cambio que sostuvieron que la provincia no ten\u00eda gas natural &nbsp; &nbsp; \u201cA la producci\u00f3n se la acompa\u00f1a con hechos\u201d, afirm\u00f3 el precandidato a Gobernador de M\u00e1s por Entre R\u00edos, Ad\u00e1n Bahl,&#8230;<\/p>\n","protected":false},"author":3,"featured_media":105661,"comment_status":"closed","ping_status":"closed","sticky":false,"template":"","format":"standard","meta":[],"categories":[15],"tags":[],"_links":{"self":[{"href":"https:\/\/www.actualidadadiario.com\/index.php\/wp-json\/wp\/v2\/posts\/105660"}],"collection":[{"href":"https:\/\/www.actualidadadiario.com\/index.php\/wp-json\/wp\/v2\/posts"}],"about":[{"href":"https:\/\/www.actualidadadiario.com\/index.php\/wp-json\/wp\/v2\/types\/post"}],"author":[{"embeddable":true,"href":"https:\/\/www.actualidadadiario.com\/index.php\/wp-json\/wp\/v2\/users\/3"}],"replies":[{"embeddable":true,"href":"https:\/\/www.actualidadadiario.com\/index.php\/wp-json\/wp\/v2\/comments?post=105660"}],"version-history":[{"count":2,"href":"https:\/\/www.actualidadadiario.com\/index.php\/wp-json\/wp\/v2\/posts\/105660\/revisions"}],"predecessor-version":[{"id":105663,"href":"https:\/\/www.actualidadadiario.com\/index.php\/wp-json\/wp\/v2\/posts\/105660\/revisions\/105663"}],"wp:featuredmedia":[{"embeddable":true,"href":"https:\/\/www.actualidadadiario.com\/index.php\/wp-json\/wp\/v2\/media\/105661"}],"wp:attachment":[{"href":"https:\/\/www.actualidadadiario.com\/index.php\/wp-json\/wp\/v2\/media?parent=105660"}],"wp:term":[{"taxonomy":"category","embeddable":true,"href":"https:\/\/www.actualidadadiario.com\/index.php\/wp-json\/wp\/v2\/categories?post=105660"},{"taxonomy":"post_tag","embeddable":true,"href":"https:\/\/www.actualidadadiario.com\/index.php\/wp-json\/wp\/v2\/tags?post=105660"}],"curies":[{"name":"wp","href":"https:\/\/api.w.org\/{rel}","templated":true}]}}