{"id":105657,"date":"2023-08-01T12:42:12","date_gmt":"2023-08-01T15:42:12","guid":{"rendered":"https:\/\/www.actualidadadiario.com\/?p=105657"},"modified":"2023-08-01T12:42:12","modified_gmt":"2023-08-01T15:42:12","slug":"frigerio-promete-visitar-los-17-departamentos-para-cerrar-la-campana","status":"publish","type":"post","link":"https:\/\/www.actualidadadiario.com\/index.php\/2023\/08\/01\/frigerio-promete-visitar-los-17-departamentos-para-cerrar-la-campana\/","title":{"rendered":"Frigerio promete visitar los 17 Departamentos para cerrar la campa\u00f1a"},"content":{"rendered":"<p style=\"text-align: center;\"><em><strong>El precandidato a gobernador de Juntos por Entre R\u00edos (JxER), Rogelio Frigerio, areng\u00f3 a los entrerrianos a acompa\u00f1arlo en las caminatas que inician este martes en el departamento Islas del Ibicuy y culminan el jueves previo a las PASO en Concordia<\/strong><\/em><\/p>\n<p>&nbsp;<\/p>\n<p>&nbsp;<\/p>\n<p>Frigerio cierra su campa\u00f1a de cara a las Primarias Abiertas Simult\u00e1neas y Obligatorias (PASO) visitando la provincia completa. \u201cSomos la generaci\u00f3n que va a transformar a Entre R\u00edos, la que va a demostrar a la Argentina y al mundo de lo que somos capaces los entrerrianos\u201d, alent\u00f3.<\/p>\n<p>La invitaci\u00f3n a la ciudadan\u00eda recuerda que \u201cfalta poco, cada vez menos, el domingo 13 de agosto tenemos una oportunidad hist\u00f3rica, pero hasta que llegue ese d\u00eda, los invito a encontrarnos, tenemos que ser miles los entrerrianos que caminemos juntos bajo un sue\u00f1o com\u00fan\u201d. \u201cEn estas \u00faltimas dos semanas voy a estar en los 17 departamentos de la provincia\u201d, adelant\u00f3.<\/p>\n<p>&#8220;Los espero a todos en las calles y plazas de sus pueblos, vayamos todos juntos, que nadie quede atr\u00e1s, que a nadie le falte lo indispensable, que todos tengan lo que les corresponde, es ahora, volvamos a so\u00f1ar en grande\u201d, cerr\u00f3.<\/p>\n<p>&nbsp;<\/p>\n<p><strong>El calendario<\/strong><\/p>\n<p>La recorrida de Frigerio arranca este martes al mediod\u00eda en M\u00e9danos (Islas del Ibicuy) y contin\u00faa en Victoria por la tarde. El mi\u00e9rcoles 2 de agosto llegar\u00e1 a Diamante, Nogoy\u00e1 y Rosario del Tala. El jueves 3, la visita se detiene en Villaguay y San Salvador para continuar el viernes 4 en Federal y Santa Elena.<\/p>\n<p>El s\u00e1bado 5, la recorrida sigue por el norte: Frigerio visitar\u00e1 Feliciano y Chajar\u00ed y cerrar\u00e1 el fin de semana el domingo 5 en Ceibas.<\/p>\n<p>La pr\u00f3xima semana arranca el lunes 7 en Gualeguay y Gualeguaych\u00fa. Continuar\u00e1 el martes 8 en Concepci\u00f3n del Uruguay y Col\u00f3n.<\/p>\n<p>Los \u00faltimos dos d\u00edas, antes de la veda electoral, el precandidato a gobernador recorrer\u00e1 Paran\u00e1\u00a0 (el mi\u00e9rcoles 9) y Concordia (el jueves 10 de agosto).<\/p>\n","protected":false},"excerpt":{"rendered":"<p>El precandidato a gobernador de Juntos por Entre R\u00edos (JxER), Rogelio Frigerio, areng\u00f3 a los entrerrianos a acompa\u00f1arlo en las caminatas que inician este martes en el departamento Islas del Ibicuy y culminan el jueves previo a las PASO en Concordia &nbsp; &nbsp; Frigerio cierra su campa\u00f1a de cara a las Primarias Abiertas Simult\u00e1neas y Obligatorias (PASO) visitando la provincia completa. \u201cSomos la generaci\u00f3n que va a transformar a Entre R\u00edos, la que va a demostrar a la Argentina y al mundo de lo que somos capaces los entrerrianos\u201d, alent\u00f3&#8230;.<\/p>\n","protected":false},"author":3,"featured_media":105658,"comment_status":"closed","ping_status":"closed","sticky":false,"template":"","format":"standard","meta":[],"categories":[15],"tags":[],"_links":{"self":[{"href":"https:\/\/www.actualidadadiario.com\/index.php\/wp-json\/wp\/v2\/posts\/105657"}],"collection":[{"href":"https:\/\/www.actualidadadiario.com\/index.php\/wp-json\/wp\/v2\/posts"}],"about":[{"href":"https:\/\/www.actualidadadiario.com\/index.php\/wp-json\/wp\/v2\/types\/post"}],"author":[{"embeddable":true,"href":"https:\/\/www.actualidadadiario.com\/index.php\/wp-json\/wp\/v2\/users\/3"}],"replies":[{"embeddable":true,"href":"https:\/\/www.actualidadadiario.com\/index.php\/wp-json\/wp\/v2\/comments?post=105657"}],"version-history":[{"count":1,"href":"https:\/\/www.actualidadadiario.com\/index.php\/wp-json\/wp\/v2\/posts\/105657\/revisions"}],"predecessor-version":[{"id":105659,"href":"https:\/\/www.actualidadadiario.com\/index.php\/wp-json\/wp\/v2\/posts\/105657\/revisions\/105659"}],"wp:featuredmedia":[{"embeddable":true,"href":"https:\/\/www.actualidadadiario.com\/index.php\/wp-json\/wp\/v2\/media\/105658"}],"wp:attachment":[{"href":"https:\/\/www.actualidadadiario.com\/index.php\/wp-json\/wp\/v2\/media?parent=105657"}],"wp:term":[{"taxonomy":"category","embeddable":true,"href":"https:\/\/www.actualidadadiario.com\/index.php\/wp-json\/wp\/v2\/categories?post=105657"},{"taxonomy":"post_tag","embeddable":true,"href":"https:\/\/www.actualidadadiario.com\/index.php\/wp-json\/wp\/v2\/tags?post=105657"}],"curies":[{"name":"wp","href":"https:\/\/api.w.org\/{rel}","templated":true}]}}