{"id":105651,"date":"2023-07-31T13:27:55","date_gmt":"2023-07-31T16:27:55","guid":{"rendered":"https:\/\/www.actualidadadiario.com\/?p=105651"},"modified":"2023-07-31T13:27:55","modified_gmt":"2023-07-31T16:27:55","slug":"el-papa-francisco-se-prepara-para-viajar-a-portugal","status":"publish","type":"post","link":"https:\/\/www.actualidadadiario.com\/index.php\/2023\/07\/31\/el-papa-francisco-se-prepara-para-viajar-a-portugal\/","title":{"rendered":"El papa Francisco se prepara para viajar a Portugal"},"content":{"rendered":"<p style=\"text-align: center;\"><em><strong>El papa, de 86 a\u00f1os, realiza su primer viaje desde la operaci\u00f3n intestinal a la que fue sometido en junio y utiliza una silla de ruedas y un bast\u00f3n<\/strong><\/em><\/p>\n<p>&nbsp;<\/p>\n<p>&nbsp;<\/p>\n<p>Cientos de miles de j\u00f3venes de todo el mundo han acudido a Portugal para dar la bienvenida al papa Francisco cuando llegue este mi\u00e9rcoles para clausurar un encuentro apodado como \u00abel Woodstock cat\u00f3lico\u00bb. Sin embargo, la sombra de los abusos sexuales en la Iglesia Cat\u00f3lica planear\u00e1 sobre el ambiente como un recordatorio de lo mucho que queda por hacer para dejar atr\u00e1s el esc\u00e1ndalo.<\/p>\n<p>La Jornada Mundial de la Juventud, un evento ideado por el fallecido Juan Pablo II para formar a j\u00f3venes cat\u00f3licos en la adolescencia o a principios de la veintena, se celebra cada dos o tres a\u00f1os en una ciudad diferente. Esta ser\u00e1 la primera desde el 2019, debido a la pandemia del coronavirus.<\/p>\n<p>Se han montado dos escenarios en diferentes lugares donde los j\u00f3venes se reunir\u00e1n para misas, vigilias y otros encuentros sociales y religiosos. El Vaticano explic\u00f3 que se han inscrito unos 330.000 j\u00f3venes y que podr\u00edan asistir muchos m\u00e1s. Las autoridades portuguesas dijeron que se espera la asistencia de m\u00e1s de un mill\u00f3n de personas.<\/p>\n<p>Francisco, de 86 a\u00f1os, que realiza su primer viaje desde la operaci\u00f3n intestinal a la que fue sometido en junio y utiliza una silla de ruedas y un bast\u00f3n, tambi\u00e9n se reunir\u00e1 con l\u00edderes pol\u00edticos y diplom\u00e1ticos. El viaje y el acto con los j\u00f3venes tienen lugar menos de seis meses despu\u00e9s del informe de una comisi\u00f3n portuguesa que afirm\u00f3 que al menos 4.815 menores sufrieron abusos por parte del clero \u2014en su mayor\u00eda sacerdotes\u2014 durante 70 a\u00f1os, inform\u00f3 Reuters.<\/p>\n<p>\u00abNada puede reparar la experiencia y las vidas de estas m\u00e1s de 4.800 v\u00edctimas\u00bb, afirma en su p\u00e1gina web el grupo de sensibilizaci\u00f3n sobre abusos This Is Our Memorial. \u00abLo que podemos y debemos hacer es recordarlas. Darles voz. Para que lo que pas\u00f3 no vuelva a ocurrir\u00bb, agregan.<\/p>\n<p>&nbsp;<\/p>\n<p><strong>Probable encuentro con las v\u00edctimas<\/strong><\/p>\n<p>El grupo planea colocar grandes carteles al aire libre para crear conciencia sobre el abuso sexual del clero. Un grupo de protesta separado ha planeado una manifestaci\u00f3n para el viernes en la plaza Martim Moniz de Lisboa. El patriarca de Lisboa, Manuel Clemente, dijo en una conferencia de prensa el lunes que la Iglesia estaba totalmente comprometida a abordar el problema.<\/p>\n<p>Se espera que Francisco se re\u00fana en privado con las v\u00edctimas de abuso, pero el Vaticano no lo ha confirmado y, si se lleva a cabo, se anunciar\u00e1 despu\u00e9s del evento para garantizar la privacidad. \u00abEsto es para facilitar el proceso de curaci\u00f3n, que siempre es personal, \u00edntimo y requiere tiempo para escuchar\u00bb, manifest\u00f3 el portavoz del Vaticano, Matteo Bruni.<\/p>\n<p>Los j\u00f3venes permanecer\u00e1n en escuelas, gimnasios, estaciones de bomberos y con familias y muchos planean dormir al aire libre la noche anterior a la misa de clausura en el Parque Tejo de Lisboa. El primer ministro Antonio Costa lo calific\u00f3 este lunes como \u00abel mayor evento internacional\u00bb que Portugal haya organizado jam\u00e1s.<\/p>\n","protected":false},"excerpt":{"rendered":"<p>El papa, de 86 a\u00f1os, realiza su primer viaje desde la operaci\u00f3n intestinal a la que fue sometido en junio y utiliza una silla de ruedas y un bast\u00f3n &nbsp; &nbsp; Cientos de miles de j\u00f3venes de todo el mundo han acudido a Portugal para dar la bienvenida al papa Francisco cuando llegue este mi\u00e9rcoles para clausurar un encuentro apodado como \u00abel Woodstock cat\u00f3lico\u00bb. Sin embargo, la sombra de los abusos sexuales en la Iglesia Cat\u00f3lica planear\u00e1 sobre el ambiente como un recordatorio de lo mucho que queda por hacer&#8230;<\/p>\n","protected":false},"author":3,"featured_media":105652,"comment_status":"closed","ping_status":"closed","sticky":false,"template":"","format":"standard","meta":[],"categories":[4],"tags":[],"_links":{"self":[{"href":"https:\/\/www.actualidadadiario.com\/index.php\/wp-json\/wp\/v2\/posts\/105651"}],"collection":[{"href":"https:\/\/www.actualidadadiario.com\/index.php\/wp-json\/wp\/v2\/posts"}],"about":[{"href":"https:\/\/www.actualidadadiario.com\/index.php\/wp-json\/wp\/v2\/types\/post"}],"author":[{"embeddable":true,"href":"https:\/\/www.actualidadadiario.com\/index.php\/wp-json\/wp\/v2\/users\/3"}],"replies":[{"embeddable":true,"href":"https:\/\/www.actualidadadiario.com\/index.php\/wp-json\/wp\/v2\/comments?post=105651"}],"version-history":[{"count":1,"href":"https:\/\/www.actualidadadiario.com\/index.php\/wp-json\/wp\/v2\/posts\/105651\/revisions"}],"predecessor-version":[{"id":105653,"href":"https:\/\/www.actualidadadiario.com\/index.php\/wp-json\/wp\/v2\/posts\/105651\/revisions\/105653"}],"wp:featuredmedia":[{"embeddable":true,"href":"https:\/\/www.actualidadadiario.com\/index.php\/wp-json\/wp\/v2\/media\/105652"}],"wp:attachment":[{"href":"https:\/\/www.actualidadadiario.com\/index.php\/wp-json\/wp\/v2\/media?parent=105651"}],"wp:term":[{"taxonomy":"category","embeddable":true,"href":"https:\/\/www.actualidadadiario.com\/index.php\/wp-json\/wp\/v2\/categories?post=105651"},{"taxonomy":"post_tag","embeddable":true,"href":"https:\/\/www.actualidadadiario.com\/index.php\/wp-json\/wp\/v2\/tags?post=105651"}],"curies":[{"name":"wp","href":"https:\/\/api.w.org\/{rel}","templated":true}]}}