{"id":10565,"date":"2017-04-26T09:24:00","date_gmt":"2017-04-26T12:24:00","guid":{"rendered":"http:\/\/actualidadadiario.com\/site\/?p=10565"},"modified":"2017-04-26T09:24:00","modified_gmt":"2017-04-26T12:24:00","slug":"la-primera-actividad-del-nuevo-centro-de-convenciones-de-parana-sera-en-septiembre","status":"publish","type":"post","link":"https:\/\/www.actualidadadiario.com\/index.php\/2017\/04\/26\/la-primera-actividad-del-nuevo-centro-de-convenciones-de-parana-sera-en-septiembre\/","title":{"rendered":"La primera actividad del nuevo centro de convenciones de Paran\u00e1 ser\u00e1 en septiembre"},"content":{"rendered":"<p><em><strong>El gobernador Gustavo Bordet visit\u00f3 hoy la mayor feria sobre turismo de reuniones y convenciones que se realiza todos los a\u00f1os en el complejo Costa Salguero, en la Ciudad Aut\u00f3noma de Buenos Aires, y donde Entre R\u00edos present\u00f3 un stand<\/strong><\/em><\/p>\n<p>&nbsp;<\/p>\n<p>&nbsp;<\/p>\n<p>Acompa\u00f1ado por el subsecretario de Turismo de Reuniones y Convenciones, Jos\u00e9 Otrosky, Bordet precis\u00f3 que este a\u00f1o participa la provincia en la ExpoEventos \u201ccon una muy buena noticia y novedad que tenemos en Entre R\u00edos que es la pr\u00f3xima inauguraci\u00f3n del centro de convenciones de Paran\u00e1 que ser\u00e1 en julio o agosto\u201d.<\/p>\n<p>&nbsp;<\/p>\n<p>Adem\u00e1s explic\u00f3 que se trata de \u201cun centro de convenciones con capacidad para 2700 personas, que est\u00e1 integrado con el ya existente centro de convenciones de La Vieja Usina que tiene capacidad para 900 personas m\u00e1s. Con lo cual vamos a tener un gran espacio para turismo de negocios, de reuniones, de encuentros, de convenciones, y es algo que venimos sosteni\u00e9ndolo en la provincia tambi\u00e9n en otras localidades como Villaguay, Concordia; Gualeguaych\u00fa, Victoria, Federaci\u00f3n y Villa Elisa\u201d.<\/p>\n<p>&nbsp;<\/p>\n<p>La primera actividad que se desarrollar\u00e1 en el Centro de Convenciones de Paran\u00e1 ser\u00e1 el 1er. Congreso Latinoamericano de Ingenier\u00eda (Cladi 2017) en Paran\u00e1 y Oro Verde, bajo el lema \u201cLa ingenier\u00eda: Su compromiso con el desarrollo tecnol\u00f3gico y social\u201d. Es el primer congreso de alcance internacional organizado por el Consejo Federal de Decanos de Ingenier\u00eda de la Rep\u00fablica Argentina (CONFEDI).<\/p>\n<p>&nbsp;<\/p>\n<p>Respecto del turismo de convenciones, el gobernador dijo que \u201cque hay que explorar todo lo que se pueda en la diversidad para tener distintos segmentos que posibiliten la estacionalidad en el turismo\u201d.<\/p>\n<p>&nbsp;<\/p>\n<p>La 14\u00ba edici\u00f3n de ExpoEventos, con presencia entrerriana, culminar\u00e1 el 27 de abril, y est\u00e1 organizada por la Asociaci\u00f3n Argentina de Organizadores y Proveedores de Exposiciones, Congresos y Eventos (AOCA).<\/p>\n<p>&nbsp;<\/p>\n<p>&nbsp;<\/p>\n<p><strong>Termas, playas y convenciones <\/strong><\/p>\n<p>\u201cEstamos comenzando la temporada alta en termas, que es un gran producto que tiene Entre R\u00edos, y que genera niveles de ocupaci\u00f3n hotelera durante el invierno, importantes. En verano lo que es turismo de playas determinante para la provincia, y necesitamos tener tambi\u00e9n una constante y una estacionalidad que el turismo de convenciones se lo da. Es un segmento que posibilita que fuera de las temporadas altas, tanto verano como invierno en productos como termas y playas el turismo de reuniones, de congresos y convenciones pueda darle esa estacionalidad todo el a\u00f1o\u201d, afirm\u00f3 el mandatario.<\/p>\n<p>&nbsp;<\/p>\n<p>En la expo, que propone un espacio para el intercambio entre quienes forman parte del mundo de la organizaci\u00f3n de eventos y el turismo de reuniones y sus clientes, actuales y potenciales, el mandatario entrerriano se refiri\u00f3 a los vuelos a la provincia.<\/p>\n<p>&nbsp;<\/p>\n<p>&nbsp;<\/p>\n<p><strong>Vuelos <\/strong><\/p>\n<p>En ese sentido, Bordet precis\u00f3 que &#8220;hoy tenemos un s\u00f3lo vuelo de Aerol\u00edneas Argentinas a Paran\u00e1 y con la llegada de las l\u00edneas low cost tenemos la posibilidad ya cierta para empezar a operar en vuelos de Buenos Aires a Concordia y tambi\u00e9n entre las dos ciudades, entre Concordia y Paran\u00e1, vuelos triangulares, lo cual mejora sustancialmente las condiciones de receptividad de turismo para nuestra provincia al incrementarse el flujo del tr\u00e1fico a\u00e9reo. Es importante el hecho de poder tener este desarrollo en l\u00edneas de bajo costo\u201d.<\/p>\n<p>&nbsp;<\/p>\n<p>De la expo participan Argentina, Brasil, Chile, Colombia, Espa\u00f1a, Estados Unidos, M\u00e9xico y Uruguay. Se desarrollan rondas de negocios, exposiciones de los principales destinos y conferencias magistrales. Adem\u00e1s, se dan cita organizadores de todo tipo de eventos, as\u00ed como Organismos Oficiales de Turismo, Bureaus de Convenciones, Centros de Convenciones, Predios de Exposiciones, Hoteles, Salones y Estancias.<\/p>\n","protected":false},"excerpt":{"rendered":"<p>El gobernador Gustavo Bordet visit\u00f3 hoy la mayor feria sobre turismo de reuniones y convenciones que se realiza todos los a\u00f1os en el complejo Costa Salguero, en la Ciudad Aut\u00f3noma de Buenos Aires, y donde Entre R\u00edos present\u00f3 un stand &nbsp; &nbsp; Acompa\u00f1ado por el subsecretario de Turismo de Reuniones y Convenciones, Jos\u00e9 Otrosky, Bordet precis\u00f3 que este a\u00f1o participa la provincia en la ExpoEventos \u201ccon una muy buena noticia y novedad que tenemos en Entre R\u00edos que es la pr\u00f3xima inauguraci\u00f3n del centro de convenciones de Paran\u00e1 que ser\u00e1&#8230;<\/p>\n","protected":false},"author":3,"featured_media":10566,"comment_status":"closed","ping_status":"closed","sticky":false,"template":"","format":"standard","meta":[],"categories":[15],"tags":[],"_links":{"self":[{"href":"https:\/\/www.actualidadadiario.com\/index.php\/wp-json\/wp\/v2\/posts\/10565"}],"collection":[{"href":"https:\/\/www.actualidadadiario.com\/index.php\/wp-json\/wp\/v2\/posts"}],"about":[{"href":"https:\/\/www.actualidadadiario.com\/index.php\/wp-json\/wp\/v2\/types\/post"}],"author":[{"embeddable":true,"href":"https:\/\/www.actualidadadiario.com\/index.php\/wp-json\/wp\/v2\/users\/3"}],"replies":[{"embeddable":true,"href":"https:\/\/www.actualidadadiario.com\/index.php\/wp-json\/wp\/v2\/comments?post=10565"}],"version-history":[{"count":1,"href":"https:\/\/www.actualidadadiario.com\/index.php\/wp-json\/wp\/v2\/posts\/10565\/revisions"}],"predecessor-version":[{"id":10567,"href":"https:\/\/www.actualidadadiario.com\/index.php\/wp-json\/wp\/v2\/posts\/10565\/revisions\/10567"}],"wp:featuredmedia":[{"embeddable":true,"href":"https:\/\/www.actualidadadiario.com\/index.php\/wp-json\/wp\/v2\/media\/10566"}],"wp:attachment":[{"href":"https:\/\/www.actualidadadiario.com\/index.php\/wp-json\/wp\/v2\/media?parent=10565"}],"wp:term":[{"taxonomy":"category","embeddable":true,"href":"https:\/\/www.actualidadadiario.com\/index.php\/wp-json\/wp\/v2\/categories?post=10565"},{"taxonomy":"post_tag","embeddable":true,"href":"https:\/\/www.actualidadadiario.com\/index.php\/wp-json\/wp\/v2\/tags?post=10565"}],"curies":[{"name":"wp","href":"https:\/\/api.w.org\/{rel}","templated":true}]}}