{"id":105648,"date":"2023-07-31T13:27:00","date_gmt":"2023-07-31T16:27:00","guid":{"rendered":"https:\/\/www.actualidadadiario.com\/?p=105648"},"modified":"2023-07-31T13:27:00","modified_gmt":"2023-07-31T16:27:00","slug":"turquia-pide-al-gobierno-sueco-medidas-para-detener-la-quema-del-coran","status":"publish","type":"post","link":"https:\/\/www.actualidadadiario.com\/index.php\/2023\/07\/31\/turquia-pide-al-gobierno-sueco-medidas-para-detener-la-quema-del-coran\/","title":{"rendered":"Turqu\u00eda pide al Gobierno sueco medidas para detener la quema del Cor\u00e1n"},"content":{"rendered":"<p style=\"text-align: center;\"><em><strong>La embajada sueca en Bagdad fue asaltada e incendiada por manifestantes furiosos<\/strong><\/em><\/p>\n<p>&nbsp;<\/p>\n<p>&nbsp;<\/p>\n<p>El ministro de Relaciones Exteriores de Turqu\u00eda, Hakan Fidan, inst\u00f3 a Suecia a tomar medidas concretas para impedir la quema del Cor\u00e1n. Suecia y Dinamarca fueron escenario en las \u00faltimas semanas de varias protestas en las que se procedi\u00f3 a da\u00f1ar o quemar ejemplares del Cor\u00e1n, lo que caus\u00f3 indignaci\u00f3n entre los musulmanes.<\/p>\n<p>La embajada sueca en Bagdad fue asaltada e incendiada por manifestantes furiosos, inform\u00f3 NA. Durante una llamada telef\u00f3nica, Fidan advirti\u00f3 a su hom\u00f3logo sueco, Tobias Billstrom, que era inaceptable que se siguieran cometiendo \u00abactos viles\u00bb bajo el pretexto de la libertad de expresi\u00f3n, seg\u00fan una fuente de la canciller\u00eda.<\/p>\n<p>El primer ministro sueco, Ulf Kristersson, declar\u00f3 que hab\u00eda mantenido conversaciones con la primera ministra danesa, Mette Frederiksen. Ambos mandatarios estaban de acuerdo en que la situaci\u00f3n era peligrosa. \u00abTenemos que tomar medidas para reforzar nuestra capacidad de resistencia\u00bb, admiti\u00f3 Kristersson.<\/p>\n<p>El gobierno sueco inform\u00f3 que examinar\u00eda si pod\u00eda cambiar la Ley de Orden P\u00fablico, para dar a la polic\u00eda la posibilidad de detener manifestaciones que amenazaran la seguridad del pa\u00eds. \u00abEn \u00faltima instancia, se trata de defender nuestras sociedades libres y abiertas. Nuestra democracia y el derecho de nuestros ciudadanos a la libertad y la seguridad\u00bb, se\u00f1al\u00f3 Kristersson. En tanto que Billstrom declin\u00f3 hacer comentarios.<\/p>\n<p>&nbsp;<\/p>\n<p><strong>Dinamarca<\/strong><\/p>\n<p>El ministro de Relaciones Exteriores de Dinamarca, Lars Lokke Rasmussen, declar\u00f3 a la radiotelevisi\u00f3n nacional que el gobierno tratar\u00eda de encontrar \u00abuna herramienta legal\u00bb que permitiera a las autoridades impedir la quema de ejemplares del Cor\u00e1n frente a las embajadas de otros pa\u00edses.<\/p>\n<p>\u00abEl hecho de que estemos se\u00f1alando, tanto en Dinamarca como en el extranjero, que estamos trabajando en ello, esperamos que ayude a desescalar los problemas a los que nos enfrentamos\u00bb, expres\u00f3 el canciller. \u00abNo es porque nos sintamos presionados a hacerlo, sino que nuestro an\u00e1lisis pol\u00edtico es que es lo que m\u00e1s nos conviene a todos\u00bb, dijo Rasmussen.<\/p>\n<p>Adem\u00e1s, agreg\u00f3: \u00abNo deber\u00edamos sentarnos a esperar a que esto explote\u00bb. Los pa\u00edses n\u00f3rdicos han condenado la quema del Cor\u00e1n, pero no pueden impedirla en virtud de las leyes constitucionales que protegen la libertad de expresi\u00f3n. Sin embargo, ambos Gobiernos han dicho ahora que est\u00e1n estudiando cambios legales que permitir\u00edan a las autoridades impedir nuevas quemas en situaciones especiales.<\/p>\n","protected":false},"excerpt":{"rendered":"<p>La embajada sueca en Bagdad fue asaltada e incendiada por manifestantes furiosos &nbsp; &nbsp; El ministro de Relaciones Exteriores de Turqu\u00eda, Hakan Fidan, inst\u00f3 a Suecia a tomar medidas concretas para impedir la quema del Cor\u00e1n. Suecia y Dinamarca fueron escenario en las \u00faltimas semanas de varias protestas en las que se procedi\u00f3 a da\u00f1ar o quemar ejemplares del Cor\u00e1n, lo que caus\u00f3 indignaci\u00f3n entre los musulmanes. La embajada sueca en Bagdad fue asaltada e incendiada por manifestantes furiosos, inform\u00f3 NA. Durante una llamada telef\u00f3nica, Fidan advirti\u00f3 a su hom\u00f3logo&#8230;<\/p>\n","protected":false},"author":3,"featured_media":105649,"comment_status":"closed","ping_status":"closed","sticky":false,"template":"","format":"standard","meta":[],"categories":[4],"tags":[],"_links":{"self":[{"href":"https:\/\/www.actualidadadiario.com\/index.php\/wp-json\/wp\/v2\/posts\/105648"}],"collection":[{"href":"https:\/\/www.actualidadadiario.com\/index.php\/wp-json\/wp\/v2\/posts"}],"about":[{"href":"https:\/\/www.actualidadadiario.com\/index.php\/wp-json\/wp\/v2\/types\/post"}],"author":[{"embeddable":true,"href":"https:\/\/www.actualidadadiario.com\/index.php\/wp-json\/wp\/v2\/users\/3"}],"replies":[{"embeddable":true,"href":"https:\/\/www.actualidadadiario.com\/index.php\/wp-json\/wp\/v2\/comments?post=105648"}],"version-history":[{"count":1,"href":"https:\/\/www.actualidadadiario.com\/index.php\/wp-json\/wp\/v2\/posts\/105648\/revisions"}],"predecessor-version":[{"id":105650,"href":"https:\/\/www.actualidadadiario.com\/index.php\/wp-json\/wp\/v2\/posts\/105648\/revisions\/105650"}],"wp:featuredmedia":[{"embeddable":true,"href":"https:\/\/www.actualidadadiario.com\/index.php\/wp-json\/wp\/v2\/media\/105649"}],"wp:attachment":[{"href":"https:\/\/www.actualidadadiario.com\/index.php\/wp-json\/wp\/v2\/media?parent=105648"}],"wp:term":[{"taxonomy":"category","embeddable":true,"href":"https:\/\/www.actualidadadiario.com\/index.php\/wp-json\/wp\/v2\/categories?post=105648"},{"taxonomy":"post_tag","embeddable":true,"href":"https:\/\/www.actualidadadiario.com\/index.php\/wp-json\/wp\/v2\/tags?post=105648"}],"curies":[{"name":"wp","href":"https:\/\/api.w.org\/{rel}","templated":true}]}}