{"id":105637,"date":"2023-07-31T13:23:34","date_gmt":"2023-07-31T16:23:34","guid":{"rendered":"https:\/\/www.actualidadadiario.com\/?p=105637"},"modified":"2023-07-31T13:23:34","modified_gmt":"2023-07-31T16:23:34","slug":"preocupacion-en-la-antartida-desaparecio-un-bloque-de-hielo-que-tiene-el-tamano-de-la-argentina","status":"publish","type":"post","link":"https:\/\/www.actualidadadiario.com\/index.php\/2023\/07\/31\/preocupacion-en-la-antartida-desaparecio-un-bloque-de-hielo-que-tiene-el-tamano-de-la-argentina\/","title":{"rendered":"Preocupaci\u00f3n en la Ant\u00e1rtida: desapareci\u00f3 un bloque de hielo que tiene el tama\u00f1o de la Argentina"},"content":{"rendered":"<p style=\"text-align: center;\"><em><strong>Los expertos se\u00f1alan que el hielo &#8220;cay\u00f3 a niveles sin precedentes&#8221; ya que no se recuper\u00f3 lo perdido en febrero de este a\u00f1o<\/strong><\/em><\/p>\n<p>&nbsp;<\/p>\n<p>&nbsp;<\/p>\n<p>Hay preocupaci\u00f3n en la Ant\u00e1rtida luego de que expertos hayan anunciado que desapareci\u00f3 un bloque que tiene el tama\u00f1o de la Argentina.<\/p>\n<p>En este sentido se\u00f1alan que el hielo &#8220;cay\u00f3 a niveles sin precedentes&#8221; ya que no se recuper\u00f3, como sucede en la \u00e9poca invernal, lo perdido en febrero de este a\u00f1o.<\/p>\n<p>Mientras Europa vive una de sus temporadas m\u00e1s calurosas, donde ya se rompieron r\u00e9cords de m\u00e1ximas, y el hemisferio sur vive un invierno m\u00e1s c\u00e1lido que de costumbre, la Ant\u00e1rtida ya comenz\u00f3 a mostrar resultados negativos.<\/p>\n<p>Seg\u00fan datos del Centro Nacional de Datos de Hielo y Nieve el hielo registrado est\u00e1 en 2,6 millones de kil\u00f3metros cuadrados por debajo del r\u00e9cord anterior de del invierno del 2022 que fue de 2,1 millones.<\/p>\n<p>De esta manera la superficie afectada se acerca a la que le corresponde a la Argentina de 2,7 millones de kil\u00f3metros cuadrados.<\/p>\n<p>&#8220;Este nivel de variaci\u00f3n es tan extremo que algo radical ha cambiado en los \u00faltimos dos a\u00f1os, especialmente en el \u00faltimo a\u00f1o&#8221;, detall\u00f3 Ted Scambos, glaci\u00f3logo de la Universidad de Colorado Boulder.<\/p>\n<p>La Ant\u00e1rtida posee el 90 por ciento del hielo del Mundo y sin dudas su escasez y protagonismo con el calentamiento global genera preocupaci\u00f3n.<\/p>\n<p>A pesar de que el principal factor es la elevaci\u00f3n de las temperaturas en todos los continentes, los especialistas tratan de saber porque se aceler\u00f3 el deshielo en los \u00faltimos a\u00f1os en comparaci\u00f3n con los primeros 45 cuando se inici\u00f3 con la revisi\u00f3n de la superficie de la Ant\u00e1rtida.<\/p>\n","protected":false},"excerpt":{"rendered":"<p>Los expertos se\u00f1alan que el hielo &#8220;cay\u00f3 a niveles sin precedentes&#8221; ya que no se recuper\u00f3 lo perdido en febrero de este a\u00f1o &nbsp; &nbsp; Hay preocupaci\u00f3n en la Ant\u00e1rtida luego de que expertos hayan anunciado que desapareci\u00f3 un bloque que tiene el tama\u00f1o de la Argentina. En este sentido se\u00f1alan que el hielo &#8220;cay\u00f3 a niveles sin precedentes&#8221; ya que no se recuper\u00f3, como sucede en la \u00e9poca invernal, lo perdido en febrero de este a\u00f1o. Mientras Europa vive una de sus temporadas m\u00e1s calurosas, donde ya se rompieron&#8230;<\/p>\n","protected":false},"author":3,"featured_media":105638,"comment_status":"closed","ping_status":"closed","sticky":false,"template":"","format":"standard","meta":[],"categories":[4],"tags":[],"_links":{"self":[{"href":"https:\/\/www.actualidadadiario.com\/index.php\/wp-json\/wp\/v2\/posts\/105637"}],"collection":[{"href":"https:\/\/www.actualidadadiario.com\/index.php\/wp-json\/wp\/v2\/posts"}],"about":[{"href":"https:\/\/www.actualidadadiario.com\/index.php\/wp-json\/wp\/v2\/types\/post"}],"author":[{"embeddable":true,"href":"https:\/\/www.actualidadadiario.com\/index.php\/wp-json\/wp\/v2\/users\/3"}],"replies":[{"embeddable":true,"href":"https:\/\/www.actualidadadiario.com\/index.php\/wp-json\/wp\/v2\/comments?post=105637"}],"version-history":[{"count":1,"href":"https:\/\/www.actualidadadiario.com\/index.php\/wp-json\/wp\/v2\/posts\/105637\/revisions"}],"predecessor-version":[{"id":105639,"href":"https:\/\/www.actualidadadiario.com\/index.php\/wp-json\/wp\/v2\/posts\/105637\/revisions\/105639"}],"wp:featuredmedia":[{"embeddable":true,"href":"https:\/\/www.actualidadadiario.com\/index.php\/wp-json\/wp\/v2\/media\/105638"}],"wp:attachment":[{"href":"https:\/\/www.actualidadadiario.com\/index.php\/wp-json\/wp\/v2\/media?parent=105637"}],"wp:term":[{"taxonomy":"category","embeddable":true,"href":"https:\/\/www.actualidadadiario.com\/index.php\/wp-json\/wp\/v2\/categories?post=105637"},{"taxonomy":"post_tag","embeddable":true,"href":"https:\/\/www.actualidadadiario.com\/index.php\/wp-json\/wp\/v2\/tags?post=105637"}],"curies":[{"name":"wp","href":"https:\/\/api.w.org\/{rel}","templated":true}]}}