{"id":105634,"date":"2023-07-31T12:34:03","date_gmt":"2023-07-31T15:34:03","guid":{"rendered":"https:\/\/www.actualidadadiario.com\/?p=105634"},"modified":"2023-07-31T13:03:23","modified_gmt":"2023-07-31T16:03:23","slug":"interna-en-jxc-el-debate-sobre-el-bunker-de-larreta-y-bullrich-y-como-juega-macri","status":"publish","type":"post","link":"https:\/\/www.actualidadadiario.com\/index.php\/2023\/07\/31\/interna-en-jxc-el-debate-sobre-el-bunker-de-larreta-y-bullrich-y-como-juega-macri\/","title":{"rendered":"Interna en JXC: el debate sobre el b\u00fanker de Larreta y Bullrich, y c\u00f3mo juega Macri"},"content":{"rendered":"<p style=\"text-align: center;\"><em><strong>El primer paso fue mostrarse juntos en la derrota de C\u00f3rdoba Capital, el segundo celebrar unidos la victoria de ayer en Chubut, pero el expresidente quiere m\u00e1s y busca juntar a ambos precandidatos presidenciales del PRO en la noche del 13 de agosto<\/strong><\/em><\/p>\n<p>&nbsp;<\/p>\n<p>&nbsp;<\/p>\n<p>Ayer los precandidatos presidenciales del PRO, Horacio Rodr\u00edguez Larreta y Patricia Bullrich, se mostraron juntos para celebrar el triunfo de Chubut, fue el primer intento de mostrar unidad tras los fuertes cruces que vienen intercambiando de cara a las PASO. Si bien el d\u00eda clave ser\u00e1 el 13 de agosto, el l\u00edder Mauricio Macri busca un b\u00fanker conjunto para consolidar la unidad amarilla.<\/p>\n<p>A menos de dos semanas para las elecciones primarias, Macri tiene como objetivo conformar un b\u00fanker conjunto en el que Larreta y Bullrich esperen los resultados en la noche definitoria del 13 de agosto, la propuesta est\u00e1 conversada con el larretismo. Seg\u00fan trascendi\u00f3 el candidato bonaerense de Larreta, Diego Santilli y el radical por la Ciudad Mart\u00edn Lousteau estar\u00edan de acuerdo con unificar la recepci\u00f3n de los resultados, pero hay muchos dirigentes de ambos sectores que se resisten a estar junto a sus rivales esa noche. Es que no ser\u00e1 tan f\u00e1cil unirse despu\u00e9s de tanto chicaneo e intercambio de agresiones, pero sino \u00bfC\u00f3mo gobernar\u00e1n en unidad?<\/p>\n<p>Hasta ahora, el equipo de campa\u00f1a de Rodr\u00edguez Larreta tiene alquilado el hist\u00f3rico bunker de Costa Salguero, en el que el PRO ha celebrado varias victorias. Mientras que, Bullrich tiene\u00a0 una reserva en el Palacio San Miguel para procesar los c\u00f3mputos oficiales y festejar en caso de vencer a jefe de Gobierno porte\u00f1o.<\/p>\n<p>\u201cLo que ahora quiere Mauricio es levantarle la manos a los dos, al ganador y al perdedor, y quedar por encima de la interna que se le fue de las manos y en la que \u00e9l particip\u00f3 para desgastarlo hasta \u00faltimo momento a Horacio\u201d, dijeron fuentes del larretismo.<\/p>\n<p>El primer triunfo compartido fue el del domingo en Chubut, un intento de aplacar el caliente cruce entre los presidenciales luego de que el alcalde porte\u00f1o cuestionara la idea que propuso la exminsitra macrista de un \u201cblindaje de d\u00f3lares aportados por el FMI&#8221;\u00a0 al se\u00f1alar que eso \u201cya lo hizo De la R\u00faa\u201d, y es que la precandidata us\u00f3 hasta la misma denominaci\u00f3n que utiliz\u00f3 el gobierno de la Alianza (del que Bullrich form\u00f3 parte) en diciembre de 2000.<\/p>\n<p>Patricia y Horacio ya hab\u00edan aparecido juntos en el escenario donde Rodrigo de Loredo reconoci\u00f3 que hab\u00eda perdido las elecciones de C\u00f3rdoba\u00a0 Capital contra Daniel Passerini, un peronista del espacio de Juan Schiaretti. En aquel momento no hubo discurso de los presidenciables ante la derrota, pero s\u00ed hubo foto de unidad.<\/p>\n<p>Un d\u00eda despu\u00e9s, el radical cordob\u00e9s del movimiento Evoluci\u00f3n, De Loredo, sorprendi\u00f3 al anunciar su respaldo a la candidatura de Rodr\u00edguez Larreta a pesar de su buena relaci\u00f3n con Macri. De inmediato, le respondi\u00f3 el presidente de la UCR bonaerense, Maximiliano Abad, quien es candidato a senador por el sector de Patricia Bullrich y que promovi\u00f3 un documento del radicalismo provincial en apoyo expl\u00edcito a la candidata.<\/p>\n<p>Ayer la foto conjunta se repiti\u00f3, pero con una victoria. Bullrich y Rodr\u00edguez Larreta volaron temprano a Chubut para compartir el triunfo de Nacho Torres, el candidato a gobernador al que apoyaron ambos. Cada uno hizo un discurso breve despu\u00e9s de las palabras del candidato a gobernador.<\/p>\n<p>Primero Rodr\u00edguez Larreta y despu\u00e9s Bullrich. Los dos remarcaron el valor de la unidad, pero se vivieron un momento tenso cuando los seguidores de Torres vocearon \u201cse siente Patricia presidente\u201d.<\/p>\n<p>Ante la risa inc\u00f3moda de Larreta, la precandidata tuvo que aclarar: \u201cEl 13\u00a0 discutimos y veremos qui\u00e9n gana, pero hoy vamos por el camino de la unidad&#8221;, los fren\u00f3 la expresidenta del PRO.<\/p>\n<p>En sus veinte a\u00f1os de existencia, el PRO nunca tuvo b\u00fankers separados para recibir los resultados de una elecci\u00f3n interna y las dudas sobre c\u00f3mo podr\u00eda gobernar la coalici\u00f3n de Juntos por el Cambio sin unidad impactan negativamente en la elecci\u00f3n.<\/p>\n<p>Por lo que, con la bajada de l\u00ednea del expresidente, ambos candidatos apuestan en estas dos \u00faltimas semanas mantener la calma y mostrarse unidos. Habr\u00e1 que ver cu\u00e1nto dura y si logran no cruzarse hasta la noche clave del 13 de agosto.<\/p>\n","protected":false},"excerpt":{"rendered":"<p>El primer paso fue mostrarse juntos en la derrota de C\u00f3rdoba Capital, el segundo celebrar unidos la victoria de ayer en Chubut, pero el expresidente quiere m\u00e1s y busca juntar a ambos precandidatos presidenciales del PRO en la noche del 13 de agosto &nbsp; &nbsp; Ayer los precandidatos presidenciales del PRO, Horacio Rodr\u00edguez Larreta y Patricia Bullrich, se mostraron juntos para celebrar el triunfo de Chubut, fue el primer intento de mostrar unidad tras los fuertes cruces que vienen intercambiando de cara a las PASO. Si bien el d\u00eda clave&#8230;<\/p>\n","protected":false},"author":3,"featured_media":105635,"comment_status":"closed","ping_status":"closed","sticky":false,"template":"","format":"standard","meta":[],"categories":[18],"tags":[],"_links":{"self":[{"href":"https:\/\/www.actualidadadiario.com\/index.php\/wp-json\/wp\/v2\/posts\/105634"}],"collection":[{"href":"https:\/\/www.actualidadadiario.com\/index.php\/wp-json\/wp\/v2\/posts"}],"about":[{"href":"https:\/\/www.actualidadadiario.com\/index.php\/wp-json\/wp\/v2\/types\/post"}],"author":[{"embeddable":true,"href":"https:\/\/www.actualidadadiario.com\/index.php\/wp-json\/wp\/v2\/users\/3"}],"replies":[{"embeddable":true,"href":"https:\/\/www.actualidadadiario.com\/index.php\/wp-json\/wp\/v2\/comments?post=105634"}],"version-history":[{"count":1,"href":"https:\/\/www.actualidadadiario.com\/index.php\/wp-json\/wp\/v2\/posts\/105634\/revisions"}],"predecessor-version":[{"id":105636,"href":"https:\/\/www.actualidadadiario.com\/index.php\/wp-json\/wp\/v2\/posts\/105634\/revisions\/105636"}],"wp:featuredmedia":[{"embeddable":true,"href":"https:\/\/www.actualidadadiario.com\/index.php\/wp-json\/wp\/v2\/media\/105635"}],"wp:attachment":[{"href":"https:\/\/www.actualidadadiario.com\/index.php\/wp-json\/wp\/v2\/media?parent=105634"}],"wp:term":[{"taxonomy":"category","embeddable":true,"href":"https:\/\/www.actualidadadiario.com\/index.php\/wp-json\/wp\/v2\/categories?post=105634"},{"taxonomy":"post_tag","embeddable":true,"href":"https:\/\/www.actualidadadiario.com\/index.php\/wp-json\/wp\/v2\/tags?post=105634"}],"curies":[{"name":"wp","href":"https:\/\/api.w.org\/{rel}","templated":true}]}}