{"id":105631,"date":"2023-07-31T12:35:18","date_gmt":"2023-07-31T15:35:18","guid":{"rendered":"https:\/\/www.actualidadadiario.com\/?p=105631"},"modified":"2023-07-31T12:35:18","modified_gmt":"2023-07-31T15:35:18","slug":"massa-busca-el-voto-en-las-provincias-con-resultados-adversos","status":"publish","type":"post","link":"https:\/\/www.actualidadadiario.com\/index.php\/2023\/07\/31\/massa-busca-el-voto-en-las-provincias-con-resultados-adversos\/","title":{"rendered":"Massa busca el voto en las provincias con resultados adversos"},"content":{"rendered":"<p style=\"text-align: center;\"><em><strong>Massa tendr\u00e1 una nueva semana cargada de actividades electorales en el interior del pa\u00eds. El precandidato presidencial de UxP visitar\u00e1 cinco provincias en los pr\u00f3ximos d\u00edas de cara a las elecciones primarias<\/strong><\/em><\/p>\n<p>&nbsp;<\/p>\n<p>&nbsp;<\/p>\n<p>&nbsp;<\/p>\n<p>A tan s\u00f3lo 15 d\u00edas de las PASO, el precandidato presidencial de Uni\u00f3n por la Patria, Sergio Massa, apostar\u00e1 a buscar el voto del centro del pa\u00eds donde el peronismo no mostr\u00f3 apoyo en las \u00faltimas elecciones. En el entorno del ministro de Econom\u00eda confirmaron que visitar\u00e1 este martes Mendoza y San Luis; y que podr\u00edan sumarse C\u00f3rdoba, Santa Fe y Chaco.<\/p>\n<p>El primer destino del l\u00edder del Frente Renovador ser\u00e1 pisar suelo mendocino donde tendr\u00e1 una nutrida agenda de actividades en el marco de las elecciones PASO del 13 de agosto. La \u00faltima vez que hab\u00eda visitado Mendoza fue el pasado 22 de marzo junto al presidente Alberto Fern\u00e1ndez para la llegada del tren a Palmira desde Buenos Aires.<\/p>\n<p>En las elecciones del 11 de junio, el peronismo tuvo una mala elecci\u00f3n en las PASO locales, donde el candidato Omar Parisi apenas sac\u00f3 15 por ciento de los votos, mientras que el radical Alfredo Cornejo, de Juntos por el Cambio, logr\u00f3 40 puntos.<\/p>\n<p>En la agenda organizada, Massa visitar\u00e1 las instalaciones de la multinacional Impsa, dedicada a las energ\u00edas renovables, y compartir\u00e1 una conferencia de prensa con los candidatos a locales. Al mediod\u00eda tiene previsto un encuentro con empresarios, productores y emprendedores locales, y finalmente se reunir\u00e1 con jubilados en el Colegio Farmac\u00e9utico de Mendoza.<\/p>\n<p>La visita del ministro coincidir\u00e1 con la llegada de la otra precandidata presidencial de la oposici\u00f3n, Patricia Bullrich. Estar\u00e1n el mismo d\u00eda en la misma provincia pero no se cruzar\u00e1n. En apoyo al candidato a gobernador Cornejo, la l\u00edder del Pro protagonizar\u00e1 actividades en las localidades de Godoy Cruz y Guaymall\u00e9n. En elecciones provinciales reci\u00e9n ser\u00e1n el 24 de septiembre.<\/p>\n<p>El mismo d\u00eda tiene previsto llegar a San Luis, donde tambi\u00e9n gan\u00f3 la oposici\u00f3n y destron\u00f3 el peronismo local, hoy en manos de Alberto Rodr\u00edguez Sa\u00e1, uno de los dirigentes distanciados de la Casa Rosada. A partir de diciembre gobernar\u00e1 Claudio Poggi, quien cerr\u00f3 alianza con Juntos por el Cambio.<\/p>\n<p>Seg\u00fan confirmaron los asesores de ministro, Massa tiene previsto hacer pie en Santa Fe y Chaco, otras dos provincias donde se perdi\u00f3 en las PASO. El 16 de julio, los santafesinos eligieron la f\u00f3rmula encabezada por Maximiliano Pullaro de Juntos por el Cambio, y en segundo lugar a Marcelo Lewandowski del peronismo.<\/p>\n<p>El viernes participar\u00e1 del congreso del PJ chaque\u00f1o junto al gobernador Jorge Capitanich, qui\u00e9n perdi\u00f3 las elecciones primarias, pero buscar\u00e1 revertir el resultado en las generales del 17 de septiembre.<\/p>\n<p>Es posible que antes del fin de semana sume a la provincia de C\u00f3rdoba, el segundo distrito electoral m\u00e1s importante del pa\u00eds, despu\u00e9s de Buenos Aires, con m\u00e1s de 3 millones de votantes. Hace pocas semanas, el candidato del peronismo, Mart\u00edn Llayrora se impuso como gobernador; y el fin de semana pasado Daniel Passerini se qued\u00f3 con la capital cordobesa.<\/p>\n<p>El ministro viene de una agenda intensa la semana pasada cuando visit\u00f3 las provincias de San Juan, La Rioja, Tucum\u00e1n, y culmin\u00f3 ayer con un acto en la localidad bonaerense de Merlo.<\/p>\n","protected":false},"excerpt":{"rendered":"<p>Massa tendr\u00e1 una nueva semana cargada de actividades electorales en el interior del pa\u00eds. El precandidato presidencial de UxP visitar\u00e1 cinco provincias en los pr\u00f3ximos d\u00edas de cara a las elecciones primarias &nbsp; &nbsp; &nbsp; A tan s\u00f3lo 15 d\u00edas de las PASO, el precandidato presidencial de Uni\u00f3n por la Patria, Sergio Massa, apostar\u00e1 a buscar el voto del centro del pa\u00eds donde el peronismo no mostr\u00f3 apoyo en las \u00faltimas elecciones. En el entorno del ministro de Econom\u00eda confirmaron que visitar\u00e1 este martes Mendoza y San Luis; y que&#8230;<\/p>\n","protected":false},"author":3,"featured_media":105632,"comment_status":"closed","ping_status":"closed","sticky":false,"template":"","format":"standard","meta":[],"categories":[18],"tags":[],"_links":{"self":[{"href":"https:\/\/www.actualidadadiario.com\/index.php\/wp-json\/wp\/v2\/posts\/105631"}],"collection":[{"href":"https:\/\/www.actualidadadiario.com\/index.php\/wp-json\/wp\/v2\/posts"}],"about":[{"href":"https:\/\/www.actualidadadiario.com\/index.php\/wp-json\/wp\/v2\/types\/post"}],"author":[{"embeddable":true,"href":"https:\/\/www.actualidadadiario.com\/index.php\/wp-json\/wp\/v2\/users\/3"}],"replies":[{"embeddable":true,"href":"https:\/\/www.actualidadadiario.com\/index.php\/wp-json\/wp\/v2\/comments?post=105631"}],"version-history":[{"count":1,"href":"https:\/\/www.actualidadadiario.com\/index.php\/wp-json\/wp\/v2\/posts\/105631\/revisions"}],"predecessor-version":[{"id":105633,"href":"https:\/\/www.actualidadadiario.com\/index.php\/wp-json\/wp\/v2\/posts\/105631\/revisions\/105633"}],"wp:featuredmedia":[{"embeddable":true,"href":"https:\/\/www.actualidadadiario.com\/index.php\/wp-json\/wp\/v2\/media\/105632"}],"wp:attachment":[{"href":"https:\/\/www.actualidadadiario.com\/index.php\/wp-json\/wp\/v2\/media?parent=105631"}],"wp:term":[{"taxonomy":"category","embeddable":true,"href":"https:\/\/www.actualidadadiario.com\/index.php\/wp-json\/wp\/v2\/categories?post=105631"},{"taxonomy":"post_tag","embeddable":true,"href":"https:\/\/www.actualidadadiario.com\/index.php\/wp-json\/wp\/v2\/tags?post=105631"}],"curies":[{"name":"wp","href":"https:\/\/api.w.org\/{rel}","templated":true}]}}